{"id":64611,"date":"2023-08-10T01:06:00","date_gmt":"2023-08-10T04:06:00","guid":{"rendered":"https:\/\/conurbanodiario.com.ar\/?p=64611"},"modified":"2023-08-20T05:15:32","modified_gmt":"2023-08-20T08:15:32","slug":"junio-marco-superavit-en-turismo-receptivo-con-mas-de-940-mil-extranjeros-que-visitaron-el-pais","status":"publish","type":"post","link":"https:\/\/conurbanodiario.com.ar\/?p=64611","title":{"rendered":"JUNIO MARC\u00d3 SUPER\u00c1VIT EN TURISMO RECEPTIVO CON M\u00c1S DE 940 MIL EXTRANJEROS QUE VISITARON EL PA\u00cdS"},"content":{"rendered":"\n<p>M\u00e1s de 940 mil turistas ingresaron al pa\u00eds en junio a la Argentina, lo que marc\u00f3 por tercer mes consecutivo un super\u00e1vit en el sector, seg\u00fan los datos suministrados por el Instituto Nacional de estad\u00edsticas y Censos (Indec) a partir de estimaciones provenientes de la Encuesta de Turismo Internacional (ETI), correspondientes a la cantidad de turistas, pernoctaciones y estad\u00edas promedio.<\/p>\n\n\n\n<p>De acuerdo al informe, 947.800 visitantes no residentes llegaron al pa\u00eds por todas las v\u00edas de acceso; de los cuales 419.400 fueron turistas y 528.400 fueron excursionistas, teniendo en cuenta que, seg\u00fan las definiciones de la Organizaci\u00f3n Mundial del Turismo (OMT), cuando un visitante pasa por lo menos una noche en el lugar visitado se considera turista; si no pernocta, se denomina excursionista.<\/p>\n\n\n\n<p>Los principales pa\u00edses de los cuales provinieron los turistas no residentes fueron Uruguay, 26,1%; Brasil, 23,8%; y Chile, 16,8%; que en conjunto alcanzaron el 66,8% del total.<\/p>\n\n\n\n<p>El 44,5% arrib\u00f3 a Argentina a trav\u00e9s de la v\u00eda a\u00e9rea; el 40,8% utiliz\u00f3 la v\u00eda terrestre; y el 14,7% restante lleg\u00f3 por la v\u00eda fluvial o mar\u00edtima, seg\u00fan los pasos relevados por la ETI que representan el 52,2% del turismo receptivo.<\/p>\n\n\n\n<p>Las salidas al exterior alcanzaron a 732.700 visitantes residentes por todas las v\u00edas internacionales, de los cuales 411.700 fueron turistas y 321.000 fueron excursionistas.<\/p>\n\n\n\n<p>Los principales destinos elegidos por los turistas residentes fueron Europa, con 18,2%; Brasil, con 15,5%; y Paraguay, con 14,0%; que conjuntamente representaron el 47,7% del total.<\/p>\n\n\n\n<p>El 56,7% sali\u00f3 del pa\u00eds por la v\u00eda a\u00e9rea; el 34,2%, por la v\u00eda terrestre; y el 9,1%, a trav\u00e9s de la v\u00eda fluvial o mar\u00edtima, donde los pasos relevados por la ETI representan el 61,7% del turismo emisivo.<\/p>\n\n\n\n<p>En junio, se registr\u00f3 un saldo positivo de 215.200 visitantes internacionales por todas las v\u00edas de acceso al pa\u00eds. Este resultado fue debido a los saldos positivos de 207.400 excursionistas, y 7.800 turistas.<\/p>\n\n\n\n<p>Durante junio, los visitantes no residentes realizaron 976.100 de viajes y los visitantes residentes, 732.700 viajes.<\/p>\n\n\n\n<p>Se trata del tercer mes consecutivo con super\u00e1vit tur\u00edstico. Es decir que se registraron m\u00e1s viajes de turistas internacionales a la Argentina que viajes de turistas nacionales hacia el exterior en abril, mayo y junio de 2023.<\/p>\n\n\n\n<p>Los turistas que residen en Brasil fueron los que arribaron en mayor medida, 27,3% de los turistas no residentes; seguidos por quienes residen en pa\u00edses que integran el bloque \u201cResto de Am\u00e9rica\u201d, 17,1%; y Europa, 16,9%.<\/p>\n\n\n\n<p>El principal motivo del viaje fue \u201cVacaciones u ocio\u201d, cuya participaci\u00f3n fue del 53,9% del total de turistas, le sigui\u00f3 \u201cVisita a familiares o amigos\u201d, con 26,7% y el tipo de alojamiento m\u00e1s utilizado fue \u201cHoteles 4 y 5 estrellas\u201d, elegido por el 33,5% de los turistas no residentes.<\/p>\n\n\n\n<p>El gasto total del turismo receptivo alcanz\u00f3 los 514,9 millones de d\u00f3lares, mientras el gasto diario promedio fue de 74,1 d\u00f3lares.<\/p>\n\n\n\n<p>El mayor gasto diario promedio se observ\u00f3 en los residentes de Uruguay, con 131,8 d\u00f3lares, seguido por los de Chile, con 105,3 d\u00f3lares.<\/p>\n\n\n\n<p>El destino principal de los viajeros al exterior se distribuy\u00f3 entre Europa, 27,6%; \u201cEstados Unidos y Canad\u00e1\u201d, 21,1%; y \u201cResto de Am\u00e9rica\u201d, 19,9%. El 62,4% de los turistas indic\u00f3 que el principal motivo de su viaje fue \u201cVacaciones\/ocio\u201d. El 31,1% eligi\u00f3 hospedarse en \u201cHoteles 4 y 5 estrellas\u201d.<\/p>\n\n\n\n<p>En lo que va del a\u00f1o, se estima que hubo m\u00e1s de 4,2 millones de viajes de turistas del exterior, con un crecimiento del 160% con respecto al mismo periodo del a\u00f1o 2022, mientras que el impacto econ\u00f3mico estimado fue de 3.200 millones de d\u00f3lares.<\/p>\n\n\n\n<p>\u00abPara este a\u00f1o, nos hab\u00edamos propuesto superar los niveles prepandemia en turismo receptivo. No solo lo conseguimos, sino que durante junio logramos alcanzar las mejores cifras registradas en lo que va de este siglo\u00bb, asegur\u00f3 el ministro de Turismo y Deportes de la Naci\u00f3n, Mat\u00edas Lammens.<\/p>\n\n\n\n<p>Y agreg\u00f3 que \u00abcomo sostiene el ministro Sergio Massa, el sector est\u00e1 llamado a ser una de las turbinas de desarrollo para nuestra econom\u00eda en los pr\u00f3ximos a\u00f1os\u00bb.<\/p>\n\n\n\n<p>En el mismo sentido, \u00abhoteles y restaurantes\u00bb encabez\u00f3 el Registro de empleo asalariado privado registrado, con un crecimiento de 13,4% interanual, de acuerdo al \u00faltimo informe de \u00abSituaci\u00f3n y evoluci\u00f3n del Trabajo Registrado\u00bb.<\/p>\n\n\n\n<p>El sector lleva 23 meses consecutivos de aumento en la incorporaci\u00f3n de trabajadores al sector privado lo que marc\u00f3 tambi\u00e9n un m\u00e1ximo hist\u00f3rico. <\/p>\n","protected":false},"excerpt":{"rendered":"<p>M\u00e1s de 940 mil turistas ingresaron al pa\u00eds en junio a la Argentina, lo que&#8230;<\/p>\n","protected":false},"author":1,"featured_media":59656,"comment_status":"closed","ping_status":"closed","sticky":false,"template":"","format":"standard","meta":{"footnotes":""},"categories":[5],"tags":[],"class_list":["post-64611","post","type-post","status-publish","format-standard","has-post-thumbnail","hentry","category-el-pais"],"_links":{"self":[{"href":"https:\/\/conurbanodiario.com.ar\/index.php?rest_route=\/wp\/v2\/posts\/64611","targetHints":{"allow":["GET"]}}],"collection":[{"href":"https:\/\/conurbanodiario.com.ar\/index.php?rest_route=\/wp\/v2\/posts"}],"about":[{"href":"https:\/\/conurbanodiario.com.ar\/index.php?rest_route=\/wp\/v2\/types\/post"}],"author":[{"embeddable":true,"href":"https:\/\/conurbanodiario.com.ar\/index.php?rest_route=\/wp\/v2\/users\/1"}],"replies":[{"embeddable":true,"href":"https:\/\/conurbanodiario.com.ar\/index.php?rest_route=%2Fwp%2Fv2%2Fcomments&post=64611"}],"version-history":[{"count":1,"href":"https:\/\/conurbanodiario.com.ar\/index.php?rest_route=\/wp\/v2\/posts\/64611\/revisions"}],"predecessor-version":[{"id":64613,"href":"https:\/\/conurbanodiario.com.ar\/index.php?rest_route=\/wp\/v2\/posts\/64611\/revisions\/64613"}],"wp:featuredmedia":[{"embeddable":true,"href":"https:\/\/conurbanodiario.com.ar\/index.php?rest_route=\/wp\/v2\/media\/59656"}],"wp:attachment":[{"href":"https:\/\/conurbanodiario.com.ar\/index.php?rest_route=%2Fwp%2Fv2%2Fmedia&parent=64611"}],"wp:term":[{"taxonomy":"category","embeddable":true,"href":"https:\/\/conurbanodiario.com.ar\/index.php?rest_route=%2Fwp%2Fv2%2Fcategories&post=64611"},{"taxonomy":"post_tag","embeddable":true,"href":"https:\/\/conurbanodiario.com.ar\/index.php?rest_route=%2Fwp%2Fv2%2Ftags&post=64611"}],"curies":[{"name":"wp","href":"https:\/\/api.w.org\/{rel}","templated":true}]}}