{"id":6461,"date":"2020-07-22T11:00:16","date_gmt":"2020-07-22T14:00:16","guid":{"rendered":"http:\/\/conurbanodiario.com.ar\/?p=6461"},"modified":"2020-08-12T21:55:14","modified_gmt":"2020-08-13T00:55:14","slug":"no-naci-para-matar-a-nadie-dijo-el-jubilado-con-arresto-domiciliario-por-el-crimen-de-un-ladron","status":"publish","type":"post","link":"https:\/\/conurbanodiario.com.ar\/?p=6461","title":{"rendered":"\u00abNO NAC\u00cd PARA MATAR A NADIE\u00bb, DIJO EL JUBILADO CON ARRESTO DOMICILIARIO POR EL CRIMEN DE UN LADR\u00d3N"},"content":{"rendered":"\n<p>Adolfo R\u00edos, el herrero jubilado de 71 a\u00f1os que se encuentra con arresto domiciliario por haber matado a uno de los asaltantes que entraron a robar a su casa del partido bonaerense de Quilmes el pasado viernes, asegur\u00f3 que no naci\u00f3 \u201cpara matar a nadie\u201d, y que no es un \u201ddelincuente\u201d, al tiempo que envi\u00f3 sus \u201ccondolencias totales\u201d a la familia del ladr\u00f3n muerto.<\/p>\n\n\n\n<p>R\u00edos habl\u00f3 esta tarde con el programa Viale 910 de radio La Red y se\u00f1al\u00f3 que se siente \u201cmal\u201d por lo ocurrido y que est\u00e1 \u201csorprendido de las cosas\u201d que vio \u201cdesde afuera\u201d, al referirse a la im\u00e1genes que trascendieron sobre el hecho, porque hasta a \u00e9l hay cosas que se le \u201cescapan\u201d.<\/p>\n\n\n\n<p>\u201cMe siento mal, hermano, yo no nac\u00ed para matar a nadie\u201d, relat\u00f3 el jubilado y adem\u00e1s explic\u00f3: \u201dPero tampoco para que me entren tres veces en la noche (en la casa). \u00bfCon que intenci\u00f3n quer\u00eda venir esta gente, cinco personas?\u201d.<\/p>\n\n\n\n<p>R\u00edos tambi\u00e9n relat\u00f3 que al lado de su vivienda vive su \u201ccomadre\u201d, que \u201ces una persona de 80 a\u00f1os\u201d, y que \u201ccuando se fueron\u201d los delincuentes pens\u00f3 que pod\u00edan llegar a tomarla de \u201creh\u00e9n\u201d.<\/p>\n\n\n\n<p>\u201cPens\u00e9 mil cosas, de mil maneras\u2026yo no soy un delincuente\u201d, asegur\u00f3 el herrero jubilado, y concluy\u00f3: \u201cNo quise en ning\u00fan momento que esta gente sufriera (por la familia de Franco Mart\u00edn Moreyra), mis condolencias totales, pero era mi vida. Fue tan r\u00e1pido todo\u201d.<\/p>\n","protected":false},"excerpt":{"rendered":"<p>Adolfo R\u00edos, el herrero jubilado de 71 a\u00f1os que se encuentra con arresto domiciliario por&#8230;<\/p>\n","protected":false},"author":1,"featured_media":59656,"comment_status":"open","ping_status":"open","sticky":false,"template":"","format":"standard","meta":{"footnotes":""},"categories":[29,10],"tags":[],"class_list":["post-6461","post","type-post","status-publish","format-standard","has-post-thumbnail","hentry","category-judiciales","category-seguridad"],"_links":{"self":[{"href":"https:\/\/conurbanodiario.com.ar\/index.php?rest_route=\/wp\/v2\/posts\/6461","targetHints":{"allow":["GET"]}}],"collection":[{"href":"https:\/\/conurbanodiario.com.ar\/index.php?rest_route=\/wp\/v2\/posts"}],"about":[{"href":"https:\/\/conurbanodiario.com.ar\/index.php?rest_route=\/wp\/v2\/types\/post"}],"author":[{"embeddable":true,"href":"https:\/\/conurbanodiario.com.ar\/index.php?rest_route=\/wp\/v2\/users\/1"}],"replies":[{"embeddable":true,"href":"https:\/\/conurbanodiario.com.ar\/index.php?rest_route=%2Fwp%2Fv2%2Fcomments&post=6461"}],"version-history":[{"count":1,"href":"https:\/\/conurbanodiario.com.ar\/index.php?rest_route=\/wp\/v2\/posts\/6461\/revisions"}],"predecessor-version":[{"id":6463,"href":"https:\/\/conurbanodiario.com.ar\/index.php?rest_route=\/wp\/v2\/posts\/6461\/revisions\/6463"}],"wp:featuredmedia":[{"embeddable":true,"href":"https:\/\/conurbanodiario.com.ar\/index.php?rest_route=\/wp\/v2\/media\/59656"}],"wp:attachment":[{"href":"https:\/\/conurbanodiario.com.ar\/index.php?rest_route=%2Fwp%2Fv2%2Fmedia&parent=6461"}],"wp:term":[{"taxonomy":"category","embeddable":true,"href":"https:\/\/conurbanodiario.com.ar\/index.php?rest_route=%2Fwp%2Fv2%2Fcategories&post=6461"},{"taxonomy":"post_tag","embeddable":true,"href":"https:\/\/conurbanodiario.com.ar\/index.php?rest_route=%2Fwp%2Fv2%2Ftags&post=6461"}],"curies":[{"name":"wp","href":"https:\/\/api.w.org\/{rel}","templated":true}]}}