{"id":64607,"date":"2023-08-09T01:07:00","date_gmt":"2023-08-09T04:07:00","guid":{"rendered":"https:\/\/conurbanodiario.com.ar\/?p=64607"},"modified":"2023-08-20T05:15:32","modified_gmt":"2023-08-20T08:15:32","slug":"pidieron-4-anos-de-prision-para-acusado-de-distribucion-de-material-de-abuso-contra-ninos","status":"publish","type":"post","link":"https:\/\/conurbanodiario.com.ar\/?p=64607","title":{"rendered":"PIDIERON 4 A\u00d1OS DE PRISI\u00d3N PARA ACUSADO DE DISTRIBUCI\u00d3N DE MATERIAL DE ABUSO CONTRA NI\u00d1OS"},"content":{"rendered":"\n<p>Un fiscal de Bah\u00eda Blanca solicit\u00f3 una pena de 4 a\u00f1os y 8 meses de prisi\u00f3n en el marco de un juicio oral en el cual un hombre fue acusado de haber tenido en su poder, con fines de distribuci\u00f3n, material de abuso sexual contra ni\u00f1as, ni\u00f1os y adolescentes, informaron fuentes judiciales.<\/p>\n\n\n\n<p>El fiscal Rodolfo de Luc\u00eda formul\u00f3 el pedido en el marco del debate que lleva a cabo el Tribunal en lo Criminal 2 y por el cual se encuentra imputado J.M.G., de 47 a\u00f1os y oriundo de General Daniel Cerri, localidad pr\u00f3xima a Bah\u00eda Blanca.<\/p>\n\n\n\n<p>Fuentes judiciales indicaron que \u00abante la jueza Claudia Fortunatti, integrante del Tribunal, el agente fiscal pidi\u00f3 una pena de 4 a\u00f1os y 8 meses mientras que la defensa particular pidi\u00f3 la absoluci\u00f3n\u00bb.<\/p>\n\n\n\n<p>Seg\u00fan el expediente, los investigadores hallaron al menos 64 videos con im\u00e1genes de explotaci\u00f3n sexual, en los que se observan a menores de entre 13 y 17 a\u00f1os.<\/p>\n\n\n\n<p>\u00abLos videos fueron encontrados en dispositivos tecnol\u00f3gicos que esta persona ten\u00eda en su habitaci\u00f3n cuando se produjo el allanamiento ordenado por el fiscal, el 6 de noviembre de 2020, en su vivienda ubicada en General Daniel Cerri\u00bb, agregaron las fuentes.<\/p>\n\n\n\n<p>Asimismo, seg\u00fan se indic\u00f3, la investigaci\u00f3n se origin\u00f3 a trav\u00e9s de la operaci\u00f3n internacional denominada \u00abLuz de infancia\u00bb que lleva adelante el Servicio de Inmigraci\u00f3n y Aduanas de los Estados Unidos con el objetivo de desbaratar redes de distribuci\u00f3n de material de abuso sexual.<\/p>\n\n\n\n<p>Por el hecho el hombre fue imputado de los delitos de tenencia con fines fines inequ\u00edvocos de distribuci\u00f3n y distribuci\u00f3n de representaciones de menores de 18 a\u00f1os con fines predominantemente sexuales; agravados por ser -las v\u00edctimas- menores de 13 a\u00f1os.<\/p>\n\n\n\n<p>Seg\u00fan se indic\u00f3, el fallo se conocer\u00e1 el 15 de agosto pr\u00f3ximo en horas del mediod\u00eda en el Palacio de Tribunales de la localidad bonaerense de Bah\u00eda Blanca.<\/p>\n","protected":false},"excerpt":{"rendered":"<p>Un fiscal de Bah\u00eda Blanca solicit\u00f3 una pena de 4 a\u00f1os y 8 meses de&#8230;<\/p>\n","protected":false},"author":1,"featured_media":59656,"comment_status":"closed","ping_status":"closed","sticky":false,"template":"","format":"standard","meta":{"footnotes":""},"categories":[29],"tags":[],"class_list":["post-64607","post","type-post","status-publish","format-standard","has-post-thumbnail","hentry","category-judiciales"],"_links":{"self":[{"href":"https:\/\/conurbanodiario.com.ar\/index.php?rest_route=\/wp\/v2\/posts\/64607","targetHints":{"allow":["GET"]}}],"collection":[{"href":"https:\/\/conurbanodiario.com.ar\/index.php?rest_route=\/wp\/v2\/posts"}],"about":[{"href":"https:\/\/conurbanodiario.com.ar\/index.php?rest_route=\/wp\/v2\/types\/post"}],"author":[{"embeddable":true,"href":"https:\/\/conurbanodiario.com.ar\/index.php?rest_route=\/wp\/v2\/users\/1"}],"replies":[{"embeddable":true,"href":"https:\/\/conurbanodiario.com.ar\/index.php?rest_route=%2Fwp%2Fv2%2Fcomments&post=64607"}],"version-history":[{"count":1,"href":"https:\/\/conurbanodiario.com.ar\/index.php?rest_route=\/wp\/v2\/posts\/64607\/revisions"}],"predecessor-version":[{"id":64610,"href":"https:\/\/conurbanodiario.com.ar\/index.php?rest_route=\/wp\/v2\/posts\/64607\/revisions\/64610"}],"wp:featuredmedia":[{"embeddable":true,"href":"https:\/\/conurbanodiario.com.ar\/index.php?rest_route=\/wp\/v2\/media\/59656"}],"wp:attachment":[{"href":"https:\/\/conurbanodiario.com.ar\/index.php?rest_route=%2Fwp%2Fv2%2Fmedia&parent=64607"}],"wp:term":[{"taxonomy":"category","embeddable":true,"href":"https:\/\/conurbanodiario.com.ar\/index.php?rest_route=%2Fwp%2Fv2%2Fcategories&post=64607"},{"taxonomy":"post_tag","embeddable":true,"href":"https:\/\/conurbanodiario.com.ar\/index.php?rest_route=%2Fwp%2Fv2%2Ftags&post=64607"}],"curies":[{"name":"wp","href":"https:\/\/api.w.org\/{rel}","templated":true}]}}