{"id":64601,"date":"2023-08-14T01:06:00","date_gmt":"2023-08-14T04:06:00","guid":{"rendered":"https:\/\/conurbanodiario.com.ar\/?p=64601"},"modified":"2023-08-20T05:15:31","modified_gmt":"2023-08-20T08:15:31","slug":"se-correra-una-nueva-edicion-del-gran-premio-ciudad-de-lujan","status":"publish","type":"post","link":"https:\/\/conurbanodiario.com.ar\/?p=64601","title":{"rendered":"SE CORRER\u00c1 UNA NUEVA EDICI\u00d3N DEL &#8220;GRAN PREMIO CIUDAD DE LUJ\u00c1N&#8221;"},"content":{"rendered":"\n<p>El Municipio de Luj\u00e1n invita a la comunidad a disfrutar de la segunda edici\u00f3n de la carrera de ciclismo \u201cGran Premio Ciudad de Luj\u00e1n\u201d, que se disputar\u00e1 el pr\u00f3ximo s\u00e1bado 2 de septiembre de 11 a 18 horas, en el marco del Campeonato Bonaerense de Ciclismo de Ruta 2023.<\/p>\n\n\n\n<p>El evento se desarrollar\u00e1 en un circuito callejero armado especialmente para la ocasi\u00f3n sobre la avenida Carlos Pellegrini entre Francia y Alem, permitiendo adem\u00e1s una buena afluencia de espectadores.<\/p>\n\n\n\n<p>En esta oportunidad se dar\u00e1n cita corredores y corredoras bonaerenses y equipos de categor\u00eda de \u00e9lite que tiene nuestro deporte, como por ejemplo: las Ladies Shimano, el Sindicato Argentino de la Televisi\u00f3n, KTM, y las municipalidades de Lan\u00fas, Chivilcoy, Bragado y Pehuaj\u00f3. Tambi\u00e9n participar\u00e1 el equipo de ciclismo femenino local Las D\u2019Amico. Estos grupos son conformados por las y los actuales campeones argentinos y panamericanos.<\/p>\n\n\n\n<p>Adem\u00e1s, este a\u00f1o cada competidor y competidora contribuir\u00e1 con un alimento no perecedero que ser\u00e1 entregado a Desarrollo Social del Municipio de Luj\u00e1n.<\/p>\n\n\n\n<p>El Gran Premio Ciudad de Luj\u00e1n es organizado en conjunto por la pe\u00f1a ciclista Mujeres Libres del Sur, la Asociaci\u00f3n Ciclista Regional La Plata, ACINPROBA, y el ciclista local Gabriel Toledo, y es auspiciado por el Municipio de Luj\u00e1n.<\/p>\n","protected":false},"excerpt":{"rendered":"<p>El Municipio de Luj\u00e1n invita a la comunidad a disfrutar de la segunda edici\u00f3n de&#8230;<\/p>\n","protected":false},"author":1,"featured_media":59656,"comment_status":"closed","ping_status":"closed","sticky":false,"template":"","format":"standard","meta":{"footnotes":""},"categories":[32],"tags":[],"class_list":["post-64601","post","type-post","status-publish","format-standard","has-post-thumbnail","hentry","category-deportes"],"_links":{"self":[{"href":"https:\/\/conurbanodiario.com.ar\/index.php?rest_route=\/wp\/v2\/posts\/64601","targetHints":{"allow":["GET"]}}],"collection":[{"href":"https:\/\/conurbanodiario.com.ar\/index.php?rest_route=\/wp\/v2\/posts"}],"about":[{"href":"https:\/\/conurbanodiario.com.ar\/index.php?rest_route=\/wp\/v2\/types\/post"}],"author":[{"embeddable":true,"href":"https:\/\/conurbanodiario.com.ar\/index.php?rest_route=\/wp\/v2\/users\/1"}],"replies":[{"embeddable":true,"href":"https:\/\/conurbanodiario.com.ar\/index.php?rest_route=%2Fwp%2Fv2%2Fcomments&post=64601"}],"version-history":[{"count":2,"href":"https:\/\/conurbanodiario.com.ar\/index.php?rest_route=\/wp\/v2\/posts\/64601\/revisions"}],"predecessor-version":[{"id":64865,"href":"https:\/\/conurbanodiario.com.ar\/index.php?rest_route=\/wp\/v2\/posts\/64601\/revisions\/64865"}],"wp:featuredmedia":[{"embeddable":true,"href":"https:\/\/conurbanodiario.com.ar\/index.php?rest_route=\/wp\/v2\/media\/59656"}],"wp:attachment":[{"href":"https:\/\/conurbanodiario.com.ar\/index.php?rest_route=%2Fwp%2Fv2%2Fmedia&parent=64601"}],"wp:term":[{"taxonomy":"category","embeddable":true,"href":"https:\/\/conurbanodiario.com.ar\/index.php?rest_route=%2Fwp%2Fv2%2Fcategories&post=64601"},{"taxonomy":"post_tag","embeddable":true,"href":"https:\/\/conurbanodiario.com.ar\/index.php?rest_route=%2Fwp%2Fv2%2Ftags&post=64601"}],"curies":[{"name":"wp","href":"https:\/\/api.w.org\/{rel}","templated":true}]}}