{"id":64595,"date":"2023-08-09T01:06:00","date_gmt":"2023-08-09T04:06:00","guid":{"rendered":"https:\/\/conurbanodiario.com.ar\/?p=64595"},"modified":"2023-08-20T05:15:00","modified_gmt":"2023-08-20T08:15:00","slug":"mataron-a-golpes-a-un-hombre-durante-una-pelea-en-gonzalez-catan","status":"publish","type":"post","link":"https:\/\/conurbanodiario.com.ar\/?p=64595","title":{"rendered":"MATARON A GOLPES A UN HOMBRE DURANTE UNA PELEA EN GONZ\u00c1LEZ CAT\u00c1N"},"content":{"rendered":"\n<p>Un hombre de 39 a\u00f1os fue asesinado a golpes en la localidad bonaerense de Gonz\u00e1lez Cat\u00e1n, tras una pelea cuando estaba junto a un grupo de personas, y por el ataque buscaban ayer a un sospechoso que qued\u00f3 filmado por una c\u00e1mara de seguridad cuando golpeaba a la v\u00edctima, informaron fuentes policiales y judiciales.<\/p>\n\n\n\n<p>El hecho ocurri\u00f3 el s\u00e1bado por la madrugada en las calles Juan Ram\u00edrez de Velasco y Manuel Arias, a una cuadra de la ruta 3, en jurisdicci\u00f3n de la mencionada localidad del partido de La Matanza.<\/p>\n\n\n\n<p>Fuentes policiales y judiciales informaron que todo comenz\u00f3 cuando la v\u00edctima, identificada como N\u00e9stor Gabriel G\u00f3mez, quien trabajaba como chofer de colectivos de la L\u00ednea 42, sali\u00f3 de su vivienda a bordo de una bicicleta.<\/p>\n\n\n\n<p>Al salir de la casa en la que quedaron su esposa, llamada Miriam Gonz\u00e1lez (32), y su hija de 7 a\u00f1os, el hombre se dirigi\u00f3 a otra vivienda en la que festejaban un cumplea\u00f1os y mantuvo una charla con un grupo de personas.<\/p>\n\n\n\n<p>Seg\u00fan la c\u00e1mara de seguridad que capt\u00f3 el ataque en la puerta del inmueble, hubo una pelea entre las personas, entre las que se encontraba G\u00f3mez.<\/p>\n\n\n\n<p>Momentos despu\u00e9s, el hombre mantuvo un intercambio de palabras con otro, quien lo increp\u00f3 y lo atac\u00f3 a golpes .<\/p>\n\n\n\n<p>La v\u00edctima qued\u00f3 tendida en el suelo y fue trasladada de urgencia por un vecino a la Unidad de Pronta Atenci\u00f3n (UPA) del kil\u00f3metro 29,5 de la ruta 3.<\/p>\n\n\n\n<p>All\u00ed, los m\u00e9dicos le realizaron una tomograf\u00eda que determin\u00f3 que sufri\u00f3 un traumatismo craneal, por lo que fue derivado al hospital Simplemente Evita.<\/p>\n\n\n\n<p>El hombre qued\u00f3 internado en terapia intensiva por un edema que le provoc\u00f3 una muerte cerebral y falleci\u00f3 el lunes a la tarde.<\/p>\n\n\n\n<p>En principio, la causa tramit\u00f3 en la fiscal\u00eda descentralizada de Gregorio de Laferrere, a cargo de Gast\u00f3n Duplaa, pero al conocerse el deceso fue remitida a la Tem\u00e1tica de Homicidios Dolosos del Departamento Judicial La Matanza, cuyo titular es Adri\u00e1n Arribas.<\/p>\n\n\n\n<p>Los investigadores identificaron a un sospechoso a trav\u00e9s de la c\u00e1mara y ayer era intensamente buscado. <\/p>\n","protected":false},"excerpt":{"rendered":"<p>Un hombre de 39 a\u00f1os fue asesinado a golpes en la localidad bonaerense de Gonz\u00e1lez&#8230;<\/p>\n","protected":false},"author":1,"featured_media":59656,"comment_status":"closed","ping_status":"closed","sticky":false,"template":"","format":"standard","meta":{"footnotes":""},"categories":[10],"tags":[],"class_list":["post-64595","post","type-post","status-publish","format-standard","has-post-thumbnail","hentry","category-seguridad"],"_links":{"self":[{"href":"https:\/\/conurbanodiario.com.ar\/index.php?rest_route=\/wp\/v2\/posts\/64595","targetHints":{"allow":["GET"]}}],"collection":[{"href":"https:\/\/conurbanodiario.com.ar\/index.php?rest_route=\/wp\/v2\/posts"}],"about":[{"href":"https:\/\/conurbanodiario.com.ar\/index.php?rest_route=\/wp\/v2\/types\/post"}],"author":[{"embeddable":true,"href":"https:\/\/conurbanodiario.com.ar\/index.php?rest_route=\/wp\/v2\/users\/1"}],"replies":[{"embeddable":true,"href":"https:\/\/conurbanodiario.com.ar\/index.php?rest_route=%2Fwp%2Fv2%2Fcomments&post=64595"}],"version-history":[{"count":1,"href":"https:\/\/conurbanodiario.com.ar\/index.php?rest_route=\/wp\/v2\/posts\/64595\/revisions"}],"predecessor-version":[{"id":64596,"href":"https:\/\/conurbanodiario.com.ar\/index.php?rest_route=\/wp\/v2\/posts\/64595\/revisions\/64596"}],"wp:featuredmedia":[{"embeddable":true,"href":"https:\/\/conurbanodiario.com.ar\/index.php?rest_route=\/wp\/v2\/media\/59656"}],"wp:attachment":[{"href":"https:\/\/conurbanodiario.com.ar\/index.php?rest_route=%2Fwp%2Fv2%2Fmedia&parent=64595"}],"wp:term":[{"taxonomy":"category","embeddable":true,"href":"https:\/\/conurbanodiario.com.ar\/index.php?rest_route=%2Fwp%2Fv2%2Fcategories&post=64595"},{"taxonomy":"post_tag","embeddable":true,"href":"https:\/\/conurbanodiario.com.ar\/index.php?rest_route=%2Fwp%2Fv2%2Ftags&post=64595"}],"curies":[{"name":"wp","href":"https:\/\/api.w.org\/{rel}","templated":true}]}}