{"id":64587,"date":"2023-08-14T01:08:00","date_gmt":"2023-08-14T04:08:00","guid":{"rendered":"https:\/\/conurbanodiario.com.ar\/?p=64587"},"modified":"2023-08-20T05:15:31","modified_gmt":"2023-08-20T08:15:31","slug":"museo-del-vidrio-patrimonio-e-identidad-berazateguense","status":"publish","type":"post","link":"https:\/\/conurbanodiario.com.ar\/?p=64587","title":{"rendered":"MUSEO DEL VIDRIO: PATRIMONIO E IDENTIDAD BERAZATEGUENSE"},"content":{"rendered":"\n<p><strong>Berazategui cuenta con el Museo del Vidrio (MuVi), \u00fanico en su tipo en el pa\u00eds y un orgullo de la ciudad. Este espacio funciona en el Complejo Cultural Municipal San Francisco, en calle 149 y 23, los jueves y viernes de 10.00 a 17.00 y los s\u00e1bados y domingos de 12.00 a 18.00. Es el 4\u00b0 museo de la ciudad, junto con el Museo Taller C\u00e9sar Bustillo, Museo del Golf Roberto De Vicenzo y Museo Hist\u00f3rico y Natural.<\/strong><\/p>\n\n\n\n<p>Sof\u00eda Magra -referente del MuVi- indica al respecto: \u201cBerazategui tiene una impronta vidriera muy ligada a su historia. Eso es lo que recuperamos en este espacio que, si bien fue reflotado en 2022, su acervo patrimonial se remonta hasta los a\u00f1os `70. Ac\u00e1 hacemos un recorrido vinculado a los artistas que hicieron parte de la identidad vidriera del municipio, en mucha ligaz\u00f3n con las Cristaler\u00edas Rigolleau\u201d.<\/p>\n\n\n\n<p>En este sentido, el Museo consta de una planta baja que presenta la colecci\u00f3n \u00fanica donada por la misma Ivonne Necol de Rigolleau, Cristaler\u00edas Rigolleau, Sara Shaw, la familia Berdyszak, vecinos, vecinas y piezas de artistas nacionales e internacionales. En tanto, en la planta alta se encuentra la Colecci\u00f3n de Vidrio Contempor\u00e1neo con las obras que adquiere el Municipio anualmente, a trav\u00e9s de los premios adquisici\u00f3n del Sal\u00f3n de Arte en Vidrio que cada a\u00f1o organiza la Escuela Municipal del Vidrio.<\/p>\n","protected":false},"excerpt":{"rendered":"<p>Berazategui cuenta con el Museo del Vidrio (MuVi), \u00fanico en su tipo en el pa\u00eds&#8230;<\/p>\n","protected":false},"author":1,"featured_media":59656,"comment_status":"closed","ping_status":"closed","sticky":false,"template":"","format":"standard","meta":{"footnotes":""},"categories":[8],"tags":[],"class_list":["post-64587","post","type-post","status-publish","format-standard","has-post-thumbnail","hentry","category-cultura"],"_links":{"self":[{"href":"https:\/\/conurbanodiario.com.ar\/index.php?rest_route=\/wp\/v2\/posts\/64587","targetHints":{"allow":["GET"]}}],"collection":[{"href":"https:\/\/conurbanodiario.com.ar\/index.php?rest_route=\/wp\/v2\/posts"}],"about":[{"href":"https:\/\/conurbanodiario.com.ar\/index.php?rest_route=\/wp\/v2\/types\/post"}],"author":[{"embeddable":true,"href":"https:\/\/conurbanodiario.com.ar\/index.php?rest_route=\/wp\/v2\/users\/1"}],"replies":[{"embeddable":true,"href":"https:\/\/conurbanodiario.com.ar\/index.php?rest_route=%2Fwp%2Fv2%2Fcomments&post=64587"}],"version-history":[{"count":1,"href":"https:\/\/conurbanodiario.com.ar\/index.php?rest_route=\/wp\/v2\/posts\/64587\/revisions"}],"predecessor-version":[{"id":64589,"href":"https:\/\/conurbanodiario.com.ar\/index.php?rest_route=\/wp\/v2\/posts\/64587\/revisions\/64589"}],"wp:featuredmedia":[{"embeddable":true,"href":"https:\/\/conurbanodiario.com.ar\/index.php?rest_route=\/wp\/v2\/media\/59656"}],"wp:attachment":[{"href":"https:\/\/conurbanodiario.com.ar\/index.php?rest_route=%2Fwp%2Fv2%2Fmedia&parent=64587"}],"wp:term":[{"taxonomy":"category","embeddable":true,"href":"https:\/\/conurbanodiario.com.ar\/index.php?rest_route=%2Fwp%2Fv2%2Fcategories&post=64587"},{"taxonomy":"post_tag","embeddable":true,"href":"https:\/\/conurbanodiario.com.ar\/index.php?rest_route=%2Fwp%2Fv2%2Ftags&post=64587"}],"curies":[{"name":"wp","href":"https:\/\/api.w.org\/{rel}","templated":true}]}}