{"id":64584,"date":"2023-08-11T01:09:00","date_gmt":"2023-08-11T04:09:00","guid":{"rendered":"https:\/\/conurbanodiario.com.ar\/?p=64584"},"modified":"2023-08-20T05:15:31","modified_gmt":"2023-08-20T08:15:31","slug":"comercios-e-industrias-de-berazategui-unidos","status":"publish","type":"post","link":"https:\/\/conurbanodiario.com.ar\/?p=64584","title":{"rendered":"COMERCIOS E INDUSTRIAS DE BERAZATEGUI UNIDOS"},"content":{"rendered":"\n<p>En Berazategui cada vez son m\u00e1s las industrias y comercios que se unen y vinculan en el marco del Programa Municipal ProBer. De esta manera, ambas partes act\u00faan como proveedoras entre s\u00ed de los insumos necesarios, protegiendo el mercado interno; y reforzando los lazos en el entramado productivo local y de estos actores con la Secretar\u00eda de Trabajo municipal.\u00a0<\/p>\n\n\n\n<p>Patricio Neveleff, integrante de la Direcci\u00f3n General de Desarrollo Comercial de dicha Cartera, explic\u00f3: \u201cProBer es un programa que nace en el marco de la iniciativa G\u00f3ndola Local, una red de vinculaci\u00f3n que busca unir comercios con industrias de Berazategui, convirti\u00e9ndolas en proveedoras entre s\u00ed. Funciona tambi\u00e9n como una red interindustrial e intercomercial de aprovisionamiento\u201d.<\/p>\n\n\n\n<p>Asimismo, afirm\u00f3: \u201cLa iniciativa se empez\u00f3 a ejecutar este a\u00f1o, por decisi\u00f3n del intendente Juan Jos\u00e9 Mussi y del secretario de Trabajo, Juan Manuel Parra, con el objetivo de seguir protegiendo el mercado interno, vinculando el entramado productivo local. Las industrias est\u00e1n en constante contacto con el Municipio. Se logr\u00f3 crear un sentido de pertenencia cada vez m\u00e1s visible; y los comercios e industrias se abren cada vez m\u00e1s al abanico de propuestas\u201d.<\/p>\n","protected":false},"excerpt":{"rendered":"<p>En Berazategui cada vez son m\u00e1s las industrias y comercios que se unen y vinculan&#8230;<\/p>\n","protected":false},"author":1,"featured_media":59656,"comment_status":"closed","ping_status":"closed","sticky":false,"template":"","format":"standard","meta":{"footnotes":""},"categories":[3],"tags":[],"class_list":["post-64584","post","type-post","status-publish","format-standard","has-post-thumbnail","hentry","category-informacion-general"],"_links":{"self":[{"href":"https:\/\/conurbanodiario.com.ar\/index.php?rest_route=\/wp\/v2\/posts\/64584","targetHints":{"allow":["GET"]}}],"collection":[{"href":"https:\/\/conurbanodiario.com.ar\/index.php?rest_route=\/wp\/v2\/posts"}],"about":[{"href":"https:\/\/conurbanodiario.com.ar\/index.php?rest_route=\/wp\/v2\/types\/post"}],"author":[{"embeddable":true,"href":"https:\/\/conurbanodiario.com.ar\/index.php?rest_route=\/wp\/v2\/users\/1"}],"replies":[{"embeddable":true,"href":"https:\/\/conurbanodiario.com.ar\/index.php?rest_route=%2Fwp%2Fv2%2Fcomments&post=64584"}],"version-history":[{"count":1,"href":"https:\/\/conurbanodiario.com.ar\/index.php?rest_route=\/wp\/v2\/posts\/64584\/revisions"}],"predecessor-version":[{"id":64586,"href":"https:\/\/conurbanodiario.com.ar\/index.php?rest_route=\/wp\/v2\/posts\/64584\/revisions\/64586"}],"wp:featuredmedia":[{"embeddable":true,"href":"https:\/\/conurbanodiario.com.ar\/index.php?rest_route=\/wp\/v2\/media\/59656"}],"wp:attachment":[{"href":"https:\/\/conurbanodiario.com.ar\/index.php?rest_route=%2Fwp%2Fv2%2Fmedia&parent=64584"}],"wp:term":[{"taxonomy":"category","embeddable":true,"href":"https:\/\/conurbanodiario.com.ar\/index.php?rest_route=%2Fwp%2Fv2%2Fcategories&post=64584"},{"taxonomy":"post_tag","embeddable":true,"href":"https:\/\/conurbanodiario.com.ar\/index.php?rest_route=%2Fwp%2Fv2%2Ftags&post=64584"}],"curies":[{"name":"wp","href":"https:\/\/api.w.org\/{rel}","templated":true}]}}