{"id":64581,"date":"2023-08-14T01:05:00","date_gmt":"2023-08-14T04:05:00","guid":{"rendered":"https:\/\/conurbanodiario.com.ar\/?p=64581"},"modified":"2023-08-20T05:15:31","modified_gmt":"2023-08-20T08:15:31","slug":"nueva-capacitacion-en-lengua-de-senas-en-varela","status":"publish","type":"post","link":"https:\/\/conurbanodiario.com.ar\/?p=64581","title":{"rendered":"NUEVA CAPACITACI\u00d3N EN LENGUA DE SE\u00d1AS EN VARELA"},"content":{"rendered":"\n<p>El Municipio abre la inscripci\u00f3n para el curso gratuito en Lengua de Se\u00f1as Argentinas programado para mi\u00e9rcoles y viernes a partir del 16 de agosto en la Asociaci\u00f3n de Sordos Amigos Varelenses, ubicada en Cabello N\u00ba 974, barrio La Esmeralda.<\/p>\n\n\n\n<p>A cargo del seminario organizado por la Secretar\u00eda de Desarrollo Social, Diana de Kelly detalla: \u201cSon siete clases b\u00e1sicas donde brindaremos herramientas esenciales para favorecer la comunicaci\u00f3n y el v\u00ednculo con una persona sorda\u201d.<\/p>\n\n\n\n<p>Sobre el contenido, menciona: \u201cLos distintos tipos de saludos, c\u00f3mo preguntar el nombre, el apellido, la edad y el domicilio, entre otros temas\u201d. Respecto a la metodolog\u00eda de estudio, indica \u00abdiversas estrategias, desde ejercicios de di\u00e1logo, relato de historias breves m\u00e1s la entrega de material bibliogr\u00e1fico para repasar en el hogar\u201d.<\/p>\n\n\n\n<p>La especialista pondera \u201cel car\u00e1cter sin costo de los talleres destinados a cualquier vecino o vecina mayor de 14 a\u00f1os\u00bb.<\/p>\n\n\n\n<p>Diagraman la cursada de la siguiente manera:<\/p>\n\n\n\n<p>Grupo 1: los mi\u00e9rcoles 16, 23, 30 de agosto y 6, 13, 20, 27 de septiembre de 14 a 15.30 hs.<\/p>\n\n\n\n<p>Grupo 2: los viernes 18 y 25 del mes corriente, y el 1, 8, 15, 22 m\u00e1s 29 del pr\u00f3ximo de 10 a 11.30 hs.<\/p>\n\n\n\n<p>La matriculaci\u00f3n es mediante el formulario https:\/\/forms.gle\/U1dm3W8gEEeh7CJB7. Los cupos son limitados.<\/p>\n","protected":false},"excerpt":{"rendered":"<p>El Municipio abre la inscripci\u00f3n para el curso gratuito en Lengua de Se\u00f1as Argentinas programado&#8230;<\/p>\n","protected":false},"author":1,"featured_media":59656,"comment_status":"closed","ping_status":"closed","sticky":false,"template":"","format":"standard","meta":{"footnotes":""},"categories":[27],"tags":[],"class_list":["post-64581","post","type-post","status-publish","format-standard","has-post-thumbnail","hentry","category-educacion"],"_links":{"self":[{"href":"https:\/\/conurbanodiario.com.ar\/index.php?rest_route=\/wp\/v2\/posts\/64581","targetHints":{"allow":["GET"]}}],"collection":[{"href":"https:\/\/conurbanodiario.com.ar\/index.php?rest_route=\/wp\/v2\/posts"}],"about":[{"href":"https:\/\/conurbanodiario.com.ar\/index.php?rest_route=\/wp\/v2\/types\/post"}],"author":[{"embeddable":true,"href":"https:\/\/conurbanodiario.com.ar\/index.php?rest_route=\/wp\/v2\/users\/1"}],"replies":[{"embeddable":true,"href":"https:\/\/conurbanodiario.com.ar\/index.php?rest_route=%2Fwp%2Fv2%2Fcomments&post=64581"}],"version-history":[{"count":1,"href":"https:\/\/conurbanodiario.com.ar\/index.php?rest_route=\/wp\/v2\/posts\/64581\/revisions"}],"predecessor-version":[{"id":64583,"href":"https:\/\/conurbanodiario.com.ar\/index.php?rest_route=\/wp\/v2\/posts\/64581\/revisions\/64583"}],"wp:featuredmedia":[{"embeddable":true,"href":"https:\/\/conurbanodiario.com.ar\/index.php?rest_route=\/wp\/v2\/media\/59656"}],"wp:attachment":[{"href":"https:\/\/conurbanodiario.com.ar\/index.php?rest_route=%2Fwp%2Fv2%2Fmedia&parent=64581"}],"wp:term":[{"taxonomy":"category","embeddable":true,"href":"https:\/\/conurbanodiario.com.ar\/index.php?rest_route=%2Fwp%2Fv2%2Fcategories&post=64581"},{"taxonomy":"post_tag","embeddable":true,"href":"https:\/\/conurbanodiario.com.ar\/index.php?rest_route=%2Fwp%2Fv2%2Ftags&post=64581"}],"curies":[{"name":"wp","href":"https:\/\/api.w.org\/{rel}","templated":true}]}}