{"id":6458,"date":"2020-07-22T10:56:01","date_gmt":"2020-07-22T13:56:01","guid":{"rendered":"http:\/\/conurbanodiario.com.ar\/?p=6458"},"modified":"2020-07-22T10:56:02","modified_gmt":"2020-07-22T13:56:02","slug":"argentina-supera-los-2-500-muertos-y-advierten-que-la-pandemia-de-coronavirus-no-paso","status":"publish","type":"post","link":"https:\/\/conurbanodiario.com.ar\/?p=6458","title":{"rendered":"ARGENTINA SUPERA LOS 2.500 MUERTOS Y ADVIERTEN QUE LA PANDEMIA DE CORONAVIRUS \u00abNO PAS\u00d3\u00bb"},"content":{"rendered":"\n<p>El Ministerio de Salud inform\u00f3 esta ma\u00f1ana 16 nuevos fallecimientos por coronavirus en el pa\u00eds, lo que elev\u00f3 a 2.506 la cifra de muertos desde marzo pasado, y advirti\u00f3 que la pandemia por esta enfermedad \u00abno pas\u00f3 en el \u00c1rea Metropolitana de Buenos Aires, no pas\u00f3 en Argentina, no pas\u00f3 en el mundo\u00bb ya que \u00abd\u00eda a d\u00eda se est\u00e1 atravesando una situaci\u00f3n in\u00e9dita\u00bb que requiere \u00abcumplir las recomendaciones de los Estados\u00bb.<\/p>\n\n\n\n<p>As\u00ed lo se\u00f1al\u00f3 la secretaria de Acceso a la Salud, Carla Vizzotti, al encabezar esta ma\u00f1ana el reporte diario que emite la autoridad sanitaria para dar cuenta de la situaci\u00f3n epidemiol\u00f3gica nacional.<\/p>\n\n\n\n<p>\u00abLa pandemia no pas\u00f3 en el AMBA, no pas\u00f3 en Argentina, no pas\u00f3 en el mundo. Estamos d\u00eda a d\u00eda atravesando una situaci\u00f3n in\u00e9dita\u00bb, dijo Vizzotti sobre quienes \u00abpiensan que (la pandemia) ya pas\u00f3\u00bb, y pidi\u00f3 cumplir \u00ablas recomendaciones de los estados\u00bb y que \u00abla poblaci\u00f3n pueda seguir entendiendo el rol de la responsabilidad individual\u00bb.<\/p>\n\n\n\n<p>Por otra parte, \u00abpara los que piensen que no hay mucho por hacer, el mensaje es que s\u00ed, hay mucho por hacer\u00bb.<\/p>\n\n\n\n<p>\u00abEstamos en un momento importante. Ayer habl\u00e1bamos de valorar nuestros logros. No hemos tenido los picos que han tenido otros pa\u00edses\u00bb, estim\u00f3 la secretaria y llam\u00f3 a \u00abseguir trabajando para que el sistema de Salud pueda seguir dando respuesta y se pueda sostener\u00bb una tasa de mortalidad baja.<\/p>\n\n\n\n<p>Esa tarea fue definida bajo los conceptos de \u00absolidaridad intergeneracional\u00bb para que los m\u00e1s j\u00f3venes no lleven la enfermedad a los adultos mayores y empat\u00eda \u00abcon qui\u00e9n est\u00e1n en aislamiento\u00bb o est\u00e1n infectados.<\/p>\n\n\n\n<p>Por otra parte, estim\u00f3 necesario \u00abseguir haciendo hincapi\u00e9 en las diferencias epidemiol\u00f3gicas\u00bb que se registran en el territorio nacional, con \u00abdepartamentos que no han reportado casos, departamentos con (casos en) conglomerados y provincias que est\u00e1n evaluando la aparici\u00f3n de casos de los que no se encuentra el nexo aunque no tienen circulaci\u00f3n comunitaria extendida y provincias que no la ten\u00edan y han pasado a tenerla\u00bb.<\/p>\n\n\n\n<p>En ese \u00faltimo grupo incluy\u00f3 a Jujuy, que ayer registr\u00f3 una importante cantidad de fallecimientos y est\u00e1 entre las jurisdicciones con m\u00e1s positivos en las \u00faltimas horas.<\/p>\n\n\n\n<p>Tambi\u00e9n se refiri\u00f3 a Rosario y C\u00f3rdoba como lugares que han controlado brotes y tienen nuevos casos y Neuqu\u00e9n y R\u00edo Negro que han \u00ablogrado estabilizar el aumento\u00bb de casos.<\/p>\n\n\n\n<p>Sin embargo, Vizzotti dijo que en el sector integrado por la Ciudad de Buenos Aires y los 35 municipios bonaerenses que la circundan, la \u00abtransmisi\u00f3n comunitaria es intensa\u00bb. El 92% de los 5.344 infectados reportados ayer corresponden al AMBA y de los 890 internados en terapia intensiva, el 89% se referencia en ese conglomerado.<\/p>\n\n\n\n<p>Mientras que la ocupaci\u00f3n de esas camas a nivel nacional -y sin importar la dolencia que motiva la internaci\u00f3n- es del 55%, es 65,4% en la regi\u00f3n metropolitana de Buenos Aires, con m\u00e1s \u00abtensi\u00f3n\u00bb en la Ciudad y en el sector privado de Salud.<\/p>\n\n\n\n<p>El \u00edndice que mide la cantidad de positivos sobre test realizados ayer tuvo 42,8% de promedio en el pa\u00eds, pero en la Ciudad fue de 43,8 y de 49,8 en la Provincia.<\/p>\n\n\n\n<p>Desde el \u00faltimo reporte emitido, se registr\u00f3 la muerte de 10 varones y 6 mujeres, con residencia en la Provincia (9 fallecidos) y en la Ciudad (7).<\/p>\n\n\n\n<p>De esta forma, la tasa de mortalidad es de 54,9 personas cada mill\u00f3n de habitantes y el \u00edndice de letalidad de 1,8% sobre los casos confirmados.<\/p>\n\n\n\n<p>De los 136.118 casos detectados desde el inicio de la pandemia en Argentina, 1.096 (0,8%) son \u00abimportados\u00bb, 42.253 (31%) son contactos estrechos de casos confirmados, 69.442 (51%) son casos de circulaci\u00f3n comunitaria y el resto se encuentra en investigaci\u00f3n epidemiol\u00f3gica.<\/p>\n\n\n\n<p>Ayer fueron realizadas 14.689 nuevas muestras y desde el inicio del brote se realizaron 578.202 pruebas diagn\u00f3sticas para esta enfermedad, lo que equivale a 12.742,2 muestras por mill\u00f3n de habitantes. A la fecha, el total de altas es de 60.531 personas, cerca del 45% de todos los infectados reportados.<\/p>\n","protected":false},"excerpt":{"rendered":"<p>El Ministerio de Salud inform\u00f3 esta ma\u00f1ana 16 nuevos fallecimientos por coronavirus en el pa\u00eds,&#8230;<\/p>\n","protected":false},"author":1,"featured_media":59656,"comment_status":"open","ping_status":"open","sticky":false,"template":"","format":"standard","meta":{"footnotes":""},"categories":[5],"tags":[],"class_list":["post-6458","post","type-post","status-publish","format-standard","has-post-thumbnail","hentry","category-el-pais"],"_links":{"self":[{"href":"https:\/\/conurbanodiario.com.ar\/index.php?rest_route=\/wp\/v2\/posts\/6458","targetHints":{"allow":["GET"]}}],"collection":[{"href":"https:\/\/conurbanodiario.com.ar\/index.php?rest_route=\/wp\/v2\/posts"}],"about":[{"href":"https:\/\/conurbanodiario.com.ar\/index.php?rest_route=\/wp\/v2\/types\/post"}],"author":[{"embeddable":true,"href":"https:\/\/conurbanodiario.com.ar\/index.php?rest_route=\/wp\/v2\/users\/1"}],"replies":[{"embeddable":true,"href":"https:\/\/conurbanodiario.com.ar\/index.php?rest_route=%2Fwp%2Fv2%2Fcomments&post=6458"}],"version-history":[{"count":1,"href":"https:\/\/conurbanodiario.com.ar\/index.php?rest_route=\/wp\/v2\/posts\/6458\/revisions"}],"predecessor-version":[{"id":6460,"href":"https:\/\/conurbanodiario.com.ar\/index.php?rest_route=\/wp\/v2\/posts\/6458\/revisions\/6460"}],"wp:featuredmedia":[{"embeddable":true,"href":"https:\/\/conurbanodiario.com.ar\/index.php?rest_route=\/wp\/v2\/media\/59656"}],"wp:attachment":[{"href":"https:\/\/conurbanodiario.com.ar\/index.php?rest_route=%2Fwp%2Fv2%2Fmedia&parent=6458"}],"wp:term":[{"taxonomy":"category","embeddable":true,"href":"https:\/\/conurbanodiario.com.ar\/index.php?rest_route=%2Fwp%2Fv2%2Fcategories&post=6458"},{"taxonomy":"post_tag","embeddable":true,"href":"https:\/\/conurbanodiario.com.ar\/index.php?rest_route=%2Fwp%2Fv2%2Ftags&post=6458"}],"curies":[{"name":"wp","href":"https:\/\/api.w.org\/{rel}","templated":true}]}}