{"id":64577,"date":"2023-08-16T01:06:00","date_gmt":"2023-08-16T04:06:00","guid":{"rendered":"https:\/\/conurbanodiario.com.ar\/?p=64577"},"modified":"2023-08-20T05:15:31","modified_gmt":"2023-08-20T08:15:31","slug":"vuelve-la-copa-san-juan-bautista","status":"publish","type":"post","link":"https:\/\/conurbanodiario.com.ar\/?p=64577","title":{"rendered":"VUELVE LA &#8220;COPA SAN JUAN BAUTISTA&#8221;"},"content":{"rendered":"\n<p>Hasta el domingo 20 de agosto, futbolistas juveniles varelenses podr\u00e1n inscribir sus equipos y disputar el tradicional certamen municipal que regresa con su octava edici\u00f3n luego de cuatro a\u00f1os.<\/p>\n\n\n\n<p>Estar\u00e1n habilitados y habilitadas a competir deportistas en las categor\u00edas 2006-2007 con planteles conformados por 11 jugadores. En el caso de las chicas, divisiones entre 2009 y 2010 con 7 jugadoras. Establecen como requisito excluyente residir en el distrito. La fecha de inicio ser\u00e1 a partir de septiembre.&nbsp;<\/p>\n\n\n\n<p>Norberto Orrego, encargado del torneo, recuerda que dicho proyecto surge en 2013. \u00bfEl objetivo? \u201cDar una oportunidad a las y los adolescentes que dejan el f\u00fatbol infantil, generar un espacio de contenci\u00f3n, recreativo, continuar con su formaci\u00f3n de manera gratuita, establecer v\u00ednculos con sus pares\u201d, indica.<\/p>\n\n\n\n<p>\u201cApuntamos a ese rango etario con la intenci\u00f3n de brindar una construcci\u00f3n m\u00e1s extensa. Una forma de prepararlos y prepararlas para su futuro profesional y que no sea repentino concluir esta etapa\u201d, enfatiza. \u201cTenemos grandes expectativas. Una propuesta aclamada todo este tiempo\u201d, revela.<\/p>\n\n\n\n<p>Por otro lago, precisa: \u201cDe acuerdo a la cantidad de conjuntos matriculados, la grilla de partidos contar\u00e1, en principio, con una instancia de grupos y despu\u00e9s avanzar a las fases eliminatorias\u201d.<\/p>\n\n\n\n<p>\u201cAl finalizar la competencia, entregaremos medallas a quienes lleguen el podio. Adem\u00e1s, regalaremos la confecci\u00f3n de camiseta, pantal\u00f3n y medias con modelo a elecci\u00f3n para el primer puesto; remeras al segundo lugar m\u00e1s pecheras destinadas al tercero\u201d, anticipa.<\/p>\n\n\n\n<p>Con un cupo disponible de 20 selectivos, interesados e interesadas enviar un correo electr\u00f3nico a futsallapatriada@gmail.com y solicitar la planilla correspondiente, completar los datos tanto de los y las integrantes m\u00e1s los t\u00e9cnicos responsables.<\/p>\n","protected":false},"excerpt":{"rendered":"<p>Hasta el domingo 20 de agosto, futbolistas juveniles varelenses podr\u00e1n inscribir sus equipos y disputar&#8230;<\/p>\n","protected":false},"author":1,"featured_media":59656,"comment_status":"closed","ping_status":"closed","sticky":false,"template":"","format":"standard","meta":{"footnotes":""},"categories":[32],"tags":[],"class_list":["post-64577","post","type-post","status-publish","format-standard","has-post-thumbnail","hentry","category-deportes"],"_links":{"self":[{"href":"https:\/\/conurbanodiario.com.ar\/index.php?rest_route=\/wp\/v2\/posts\/64577","targetHints":{"allow":["GET"]}}],"collection":[{"href":"https:\/\/conurbanodiario.com.ar\/index.php?rest_route=\/wp\/v2\/posts"}],"about":[{"href":"https:\/\/conurbanodiario.com.ar\/index.php?rest_route=\/wp\/v2\/types\/post"}],"author":[{"embeddable":true,"href":"https:\/\/conurbanodiario.com.ar\/index.php?rest_route=\/wp\/v2\/users\/1"}],"replies":[{"embeddable":true,"href":"https:\/\/conurbanodiario.com.ar\/index.php?rest_route=%2Fwp%2Fv2%2Fcomments&post=64577"}],"version-history":[{"count":2,"href":"https:\/\/conurbanodiario.com.ar\/index.php?rest_route=\/wp\/v2\/posts\/64577\/revisions"}],"predecessor-version":[{"id":64580,"href":"https:\/\/conurbanodiario.com.ar\/index.php?rest_route=\/wp\/v2\/posts\/64577\/revisions\/64580"}],"wp:featuredmedia":[{"embeddable":true,"href":"https:\/\/conurbanodiario.com.ar\/index.php?rest_route=\/wp\/v2\/media\/59656"}],"wp:attachment":[{"href":"https:\/\/conurbanodiario.com.ar\/index.php?rest_route=%2Fwp%2Fv2%2Fmedia&parent=64577"}],"wp:term":[{"taxonomy":"category","embeddable":true,"href":"https:\/\/conurbanodiario.com.ar\/index.php?rest_route=%2Fwp%2Fv2%2Fcategories&post=64577"},{"taxonomy":"post_tag","embeddable":true,"href":"https:\/\/conurbanodiario.com.ar\/index.php?rest_route=%2Fwp%2Fv2%2Ftags&post=64577"}],"curies":[{"name":"wp","href":"https:\/\/api.w.org\/{rel}","templated":true}]}}