{"id":64553,"date":"2023-08-09T01:05:00","date_gmt":"2023-08-09T04:05:00","guid":{"rendered":"https:\/\/conurbanodiario.com.ar\/?p=64553"},"modified":"2023-08-20T05:15:00","modified_gmt":"2023-08-20T08:15:00","slug":"la-vicepresidenta-le-pidio-a-mauricio-macri-que-se-haga-cargo-del-prestamo-tomado-con-el-fmi","status":"publish","type":"post","link":"https:\/\/conurbanodiario.com.ar\/?p=64553","title":{"rendered":"LA VICEPRESIDENTA LE PIDI\u00d3 A MAURICIO MACRI QUE &#8220;SE HAGA CARGO&#8221; DEL PR\u00c9STAMO TOMADO CON EL FMI"},"content":{"rendered":"\n<p>La vicepresidenta Cristina Fern\u00e1ndez de Kirchner cuestion\u00f3 las declaraciones del expresidente Mauricio Macri sobre el Fondo Monetario Internacional (FMI) y le pidi\u00f3 \u00abque se haga cargo\u00bb por el cr\u00e9dito internacional tomado durante su gesti\u00f3n.<\/p>\n\n\n\n<p>\u00ab\u00bfEn serio? \u00a1Me est\u00e1s jodiendo! \u00bfC\u00f3mo que el Fondo ya est\u00e1 ac\u00e1? Si lo trajiste vos papi\u2026 Hacete cargo de algo alguna vez en tu vida. Por Dios!\u00bb, expres\u00f3 esta tarde la Vicepresidenta desde su cuenta oficial de Twitter.<\/p>\n\n\n\n<p>De esta manera, Fern\u00e1ndez de Kirchner hizo referencia a lo expresado en la noche del lunes por el exmandatario en una entrevista televisiva en el canal Todo Noticias (TN).<\/p>\n\n\n\n<p>Macri afirm\u00f3 el lunes que el FMI \u00abpropici\u00f3 este cepo asesino, todo este desastre, y va a tener que decir, si el programa que presentamos es suficientemente serio ya que ya est\u00e1 ac\u00e1, va a tener que decir &#8216;avalo esto&#8217;. Eso va a ser una ayuda enorme a lo que viene\u00bb.<\/p>\n\n\n\n<p>Por otra parte, el expresidente consider\u00f3 que \u00abes mentira que el FMI es gente mala\u00bb, sino que \u00abson pa\u00edses que ayudan a otros pa\u00edses, que hacen cosas para salir adelante\u00bb.<\/p>\n\n\n\n<p>\u00abNo es un negocio, lo hacen para ayudar. Nos pide que seamos normales, como Paraguay, como Chile, que no tienen d\u00e9ficit\u00bb, indic\u00f3.<\/p>\n","protected":false},"excerpt":{"rendered":"<p>La vicepresidenta Cristina Fern\u00e1ndez de Kirchner cuestion\u00f3 las declaraciones del expresidente Mauricio Macri sobre el&#8230;<\/p>\n","protected":false},"author":1,"featured_media":59656,"comment_status":"closed","ping_status":"closed","sticky":false,"template":"","format":"standard","meta":{"footnotes":""},"categories":[5],"tags":[],"class_list":["post-64553","post","type-post","status-publish","format-standard","has-post-thumbnail","hentry","category-el-pais"],"_links":{"self":[{"href":"https:\/\/conurbanodiario.com.ar\/index.php?rest_route=\/wp\/v2\/posts\/64553","targetHints":{"allow":["GET"]}}],"collection":[{"href":"https:\/\/conurbanodiario.com.ar\/index.php?rest_route=\/wp\/v2\/posts"}],"about":[{"href":"https:\/\/conurbanodiario.com.ar\/index.php?rest_route=\/wp\/v2\/types\/post"}],"author":[{"embeddable":true,"href":"https:\/\/conurbanodiario.com.ar\/index.php?rest_route=\/wp\/v2\/users\/1"}],"replies":[{"embeddable":true,"href":"https:\/\/conurbanodiario.com.ar\/index.php?rest_route=%2Fwp%2Fv2%2Fcomments&post=64553"}],"version-history":[{"count":2,"href":"https:\/\/conurbanodiario.com.ar\/index.php?rest_route=\/wp\/v2\/posts\/64553\/revisions"}],"predecessor-version":[{"id":64556,"href":"https:\/\/conurbanodiario.com.ar\/index.php?rest_route=\/wp\/v2\/posts\/64553\/revisions\/64556"}],"wp:featuredmedia":[{"embeddable":true,"href":"https:\/\/conurbanodiario.com.ar\/index.php?rest_route=\/wp\/v2\/media\/59656"}],"wp:attachment":[{"href":"https:\/\/conurbanodiario.com.ar\/index.php?rest_route=%2Fwp%2Fv2%2Fmedia&parent=64553"}],"wp:term":[{"taxonomy":"category","embeddable":true,"href":"https:\/\/conurbanodiario.com.ar\/index.php?rest_route=%2Fwp%2Fv2%2Fcategories&post=64553"},{"taxonomy":"post_tag","embeddable":true,"href":"https:\/\/conurbanodiario.com.ar\/index.php?rest_route=%2Fwp%2Fv2%2Ftags&post=64553"}],"curies":[{"name":"wp","href":"https:\/\/api.w.org\/{rel}","templated":true}]}}