{"id":6455,"date":"2020-07-22T10:53:10","date_gmt":"2020-07-22T13:53:10","guid":{"rendered":"http:\/\/conurbanodiario.com.ar\/?p=6455"},"modified":"2020-07-22T10:53:14","modified_gmt":"2020-07-22T13:53:14","slug":"nueva-edicion-del-torneo-de-ajedrez-online-ante-sorprendente-convocatoria","status":"publish","type":"post","link":"https:\/\/conurbanodiario.com.ar\/?p=6455","title":{"rendered":"NUEVA EDICI\u00d3N DEL TORNEO DE AJEDREZ ONLINE ANTE SORPRENDENTE CONVOCATORIA"},"content":{"rendered":"\n<p>Gracias al exitoso debut delcertamen in\u00e9dito de ajedrez online en el distrito, donde sesenta participantes desplegaron su talento,vuelve a lanzarse una nueva oportunidad de competir por las medallas, gracias a la digitalizaci\u00f3n del formato original.<\/p>\n\n\n\n<p>La inscripci\u00f3n cierra el 26 de julio y las categor\u00edas se dividir\u00e1n en: Sub 8 \u2013 Sub 10 \u2013 Sub 12 \u2013 Sub 14 \u2013 Sub 16 \u2013 Sub 18 libre (+17). Se implementar\u00e1 el sistema suizo a 6 rondas de 15 minutos y la modalidad del todos contra todos.<\/p>\n\n\n\n<p>La participaci\u00f3n del torneo que se disputar\u00e1 en estas vacaciones de invierno es libre y gratuita a trav\u00e9s de la app Chess.com y se recomienda leer las ver bases y condiciones ingresando a <a href=\"http:\/\/www.varela.gov.ar\/concursosycompetencias\">www.varela.gov.ar\/concursosycompetencias<\/a>.<\/p>\n","protected":false},"excerpt":{"rendered":"<p>Gracias al exitoso debut delcertamen in\u00e9dito de ajedrez online en el distrito, donde sesenta participantes&#8230;<\/p>\n","protected":false},"author":1,"featured_media":59656,"comment_status":"open","ping_status":"open","sticky":false,"template":"","format":"standard","meta":{"footnotes":""},"categories":[32],"tags":[],"class_list":["post-6455","post","type-post","status-publish","format-standard","has-post-thumbnail","hentry","category-deportes"],"_links":{"self":[{"href":"https:\/\/conurbanodiario.com.ar\/index.php?rest_route=\/wp\/v2\/posts\/6455","targetHints":{"allow":["GET"]}}],"collection":[{"href":"https:\/\/conurbanodiario.com.ar\/index.php?rest_route=\/wp\/v2\/posts"}],"about":[{"href":"https:\/\/conurbanodiario.com.ar\/index.php?rest_route=\/wp\/v2\/types\/post"}],"author":[{"embeddable":true,"href":"https:\/\/conurbanodiario.com.ar\/index.php?rest_route=\/wp\/v2\/users\/1"}],"replies":[{"embeddable":true,"href":"https:\/\/conurbanodiario.com.ar\/index.php?rest_route=%2Fwp%2Fv2%2Fcomments&post=6455"}],"version-history":[{"count":1,"href":"https:\/\/conurbanodiario.com.ar\/index.php?rest_route=\/wp\/v2\/posts\/6455\/revisions"}],"predecessor-version":[{"id":6457,"href":"https:\/\/conurbanodiario.com.ar\/index.php?rest_route=\/wp\/v2\/posts\/6455\/revisions\/6457"}],"wp:featuredmedia":[{"embeddable":true,"href":"https:\/\/conurbanodiario.com.ar\/index.php?rest_route=\/wp\/v2\/media\/59656"}],"wp:attachment":[{"href":"https:\/\/conurbanodiario.com.ar\/index.php?rest_route=%2Fwp%2Fv2%2Fmedia&parent=6455"}],"wp:term":[{"taxonomy":"category","embeddable":true,"href":"https:\/\/conurbanodiario.com.ar\/index.php?rest_route=%2Fwp%2Fv2%2Fcategories&post=6455"},{"taxonomy":"post_tag","embeddable":true,"href":"https:\/\/conurbanodiario.com.ar\/index.php?rest_route=%2Fwp%2Fv2%2Ftags&post=6455"}],"curies":[{"name":"wp","href":"https:\/\/api.w.org\/{rel}","templated":true}]}}