{"id":64548,"date":"2023-08-11T01:07:00","date_gmt":"2023-08-11T04:07:00","guid":{"rendered":"https:\/\/conurbanodiario.com.ar\/?p=64548"},"modified":"2023-08-20T05:15:31","modified_gmt":"2023-08-20T08:15:31","slug":"el-miercoles-16-comienza-el-escrutinio-definitivo-de-las-paso-en-la-provincia-de-buenos-aires","status":"publish","type":"post","link":"https:\/\/conurbanodiario.com.ar\/?p=64548","title":{"rendered":"EL MI\u00c9RCOLES 16 COMIENZA EL ESCRUTINIO DEFINITIVO DE LAS PASO EN LA PROVINCIA DE BUENOS AIRES"},"content":{"rendered":"\n<p>El escrutinio definitivo de las elecciones primarias, abiertas, simult\u00e1neas y obligatorias (PASO) en la provincia de Buenos Aires comenzar\u00e1 a llevarse a cabo el mi\u00e9rcoles 16 en el Pasaje Dardo Rocha de la ciudad de La Plata, y desde la justicia electoral estiman que el recuento se extender\u00e1 hasta fin de mes.<\/p>\n\n\n\n<p>Fuentes de la justicia electoral precisaron que el escrutinio de las urnas comenzar\u00e1 a las 8 y detallaron que habr\u00e1 un total de 100 mesas de trabajo.<\/p>\n\n\n\n<p>En el conteo de votos de las ocho secciones en que se divide electoralmente la provincia trabajar\u00e1n al menos 300 empleados de la justicia electoral m\u00e1s un centenar de representantes partidarios, entre fiscales de cada l\u00ednea interna, auxiliares y apoderados.<\/p>\n\n\n\n<p>\u00abEl escrutinio se llevar\u00e1 a cabo todos los d\u00edas -incluso s\u00e1bados y domingos- de 8 a 20\u00bb, indicaron.<\/p>\n\n\n\n<p>En la provincia de Buenos Aires est\u00e1n habilitados para votar el domingo 13 un total de 13.115.144 personas, en 38.074 mesas ubicadas en 6.145 escuelas, en comicios de los que participar\u00e1n 95 mil autoridades de mesa y 6.276 delegados que oficiar\u00e1n de nexo entre ellos y el comando electoral. <\/p>\n","protected":false},"excerpt":{"rendered":"<p>El escrutinio definitivo de las elecciones primarias, abiertas, simult\u00e1neas y obligatorias (PASO) en la provincia&#8230;<\/p>\n","protected":false},"author":1,"featured_media":59656,"comment_status":"closed","ping_status":"closed","sticky":false,"template":"","format":"standard","meta":{"footnotes":""},"categories":[35],"tags":[],"class_list":["post-64548","post","type-post","status-publish","format-standard","has-post-thumbnail","hentry","category-politica"],"_links":{"self":[{"href":"https:\/\/conurbanodiario.com.ar\/index.php?rest_route=\/wp\/v2\/posts\/64548","targetHints":{"allow":["GET"]}}],"collection":[{"href":"https:\/\/conurbanodiario.com.ar\/index.php?rest_route=\/wp\/v2\/posts"}],"about":[{"href":"https:\/\/conurbanodiario.com.ar\/index.php?rest_route=\/wp\/v2\/types\/post"}],"author":[{"embeddable":true,"href":"https:\/\/conurbanodiario.com.ar\/index.php?rest_route=\/wp\/v2\/users\/1"}],"replies":[{"embeddable":true,"href":"https:\/\/conurbanodiario.com.ar\/index.php?rest_route=%2Fwp%2Fv2%2Fcomments&post=64548"}],"version-history":[{"count":1,"href":"https:\/\/conurbanodiario.com.ar\/index.php?rest_route=\/wp\/v2\/posts\/64548\/revisions"}],"predecessor-version":[{"id":64550,"href":"https:\/\/conurbanodiario.com.ar\/index.php?rest_route=\/wp\/v2\/posts\/64548\/revisions\/64550"}],"wp:featuredmedia":[{"embeddable":true,"href":"https:\/\/conurbanodiario.com.ar\/index.php?rest_route=\/wp\/v2\/media\/59656"}],"wp:attachment":[{"href":"https:\/\/conurbanodiario.com.ar\/index.php?rest_route=%2Fwp%2Fv2%2Fmedia&parent=64548"}],"wp:term":[{"taxonomy":"category","embeddable":true,"href":"https:\/\/conurbanodiario.com.ar\/index.php?rest_route=%2Fwp%2Fv2%2Fcategories&post=64548"},{"taxonomy":"post_tag","embeddable":true,"href":"https:\/\/conurbanodiario.com.ar\/index.php?rest_route=%2Fwp%2Fv2%2Ftags&post=64548"}],"curies":[{"name":"wp","href":"https:\/\/api.w.org\/{rel}","templated":true}]}}