{"id":64545,"date":"2023-08-09T01:09:00","date_gmt":"2023-08-09T04:09:00","guid":{"rendered":"https:\/\/conurbanodiario.com.ar\/?p=64545"},"modified":"2023-08-20T05:14:30","modified_gmt":"2023-08-20T08:14:30","slug":"boca-con-el-debut-de-cavani-ira-por-el-pase-a-cuartos-de-final-en-la-libertadores-ante-nacional","status":"publish","type":"post","link":"https:\/\/conurbanodiario.com.ar\/?p=64545","title":{"rendered":"BOCA, CON EL DEBUT DE CAVANI, IR\u00c1 POR EL PASE A CUARTOS DE FINAL EN LA LIBERTADORES ANTE NACIONAL"},"content":{"rendered":"\n<p>Boca Juniors, con el debut del uruguayo Edinson Cavani, el refuerzo que sacudi\u00f3 el mercado de pases, recibir\u00e1 este mi\u00e9rcoles a Nacional de Uruguay en el cruce que definir\u00e1 la serie de octavos de final de la Copa Libertadores, con el antecedente del empate sin goles que protagonizaron la semana pasada en Montevideo.<\/p>\n\n\n\n<p>El encuentro se jugar\u00e1 este mi\u00e9rcoles a partir de las 21 en la m\u00edtica Bombonera, ser\u00e1 arbitrado por el brasile\u00f1o Anderson Daronco y televisado por ESPN, Fox Sports y Star+.<\/p>\n\n\n\n<p>El ganador de la serie entre los \u00abXeneizes\u00bb y el \u00abBolso\u00bb avanzar\u00e1 a cuartos de final, instancia en la que le tocar\u00e1 Racing Club o Nacional de Medell\u00edn, que definir\u00e1n su llave el jueves en Avellaneda luego de un primer cruce con saldo favorable a los colombianos por 4 a 2.<\/p>\n\n\n\n<p>El equipo dirigido por Jorge Almir\u00f3n comenz\u00f3 la fase de eliminaci\u00f3n directa con un 0-0 en Montevideo que gener\u00f3 ciertos cuestionamientos por la escasa predisposici\u00f3n a atacar a un rival sin demasiadas luces como Nacional, y porque quedaron en el banco de suplentes las dos principales esperanzas del club: Valent\u00edn Barco y Exequiel Zeballos.<\/p>\n\n\n\n<p>No obstante, el resultado fue tomado como bueno porque la serie se definir\u00e1 en La Bombonera, donde Boca ostenta un invicto de nueve partidos y el plus que le dar\u00e1 Cavani, la rutilante incorporaci\u00f3n que decidi\u00f3 cerrar su carrera en Europa tras su \u00faltimo paso por el Valencia, de Espa\u00f1a.<\/p>\n\n\n\n<p>Cavani, de 36 a\u00f1os y con un curr\u00edculum envidiable (ex Napoli, Manchester United y PSG, entre otros), intentar\u00e1 darle el salto de calidad que le falta al equipo para convertirse en un serio aspirante a ganar la Libertadores, ese ansiado trofeo que obtuvo seis veces, la \u00faltima en 2007.<\/p>\n\n\n\n<p>Almir\u00f3n tendr\u00e1 a Cavani como carta de ataque y eligi\u00f3 rodearlo con otro uruguayo, Miguel Merentiel, y esta vez con el \u00abColo\u00bb Barco desde el inicio como se le reclamaba.<\/p>\n\n\n\n<p>Si bien Almir\u00f3n ensay\u00f3 con diferentes sistemas t\u00e1cticos, lo m\u00e1s probable es que Boca juegue con una l\u00ednea de cinco defensores para que se puedan desplegar mejor en ataque el peruano Luis Adv\u00edncula y el colombiano Frank Fabra, con tres zagueros: Nicol\u00e1s Figal, el paraguayo Bruno Valdez y Nicol\u00e1s Valentini.<\/p>\n\n\n\n<p>En ese caso el mediocampo estar\u00e1 integrado por Cristian Medina, el capit\u00e1n Guillermo \u00abPol\u00bb Fern\u00e1ndez y Barco, y en la delantera la dupla uruguaya Cavani-Merentiel.<\/p>\n\n\n\n<p>Otra variante que ensay\u00f3 Almir\u00f3n es con Alan Varela, quien se despedir\u00e1 de Boca despu\u00e9s del partido para irse a Portugal y continuar su carrera en el Porto, en el centro del mediocampo y sin Valdez, en ese caso Boca usar\u00eda un esquema 4-4-2 y dejar\u00eda de lado el 5-3-2.<\/p>\n\n\n\n<p>En el banco de suplentes estar\u00e1n, entre otros, Dar\u00edo \u00abPipa\u00bb Benedetto, recuperado de un problema muscular, Marcos Rojo, Lucas Blondel y Lucas Janson, dos recientes compras, m\u00e1s Marcelo Weigandt y Exequiel \u00abChanguito\u00bb Zeballos como principales recambios.<\/p>\n\n\n\n<p>El \u00abChelo\u00bb Weigandt, pese a jugar de lateral derecho, es el goleador del equipo en la Libertadores con tres tantos marcados en la fase de grupos, y podr\u00eda ingresar de ser necesario para jugar en dupla con Adv\u00edncula por el sector derecho.<\/p>\n\n\n\n<p>Enfrente estar\u00e1 Nacional, un club con un pasado glorioso que seguramente a\u00f1ora, puesto que gan\u00f3 tres veces la Libertadores (1971, 1980 y 1988) y est\u00e1 ante la enorme ocasi\u00f3n de volver a hacer ruido en Sudam\u00e9rica.<\/p>\n\n\n\n<p>El entrenador de Nacional, Alvaro Guti\u00e9rrez, es consciente de que est\u00e1 ante una gran oportunidad para recuperar protagonismo e ir\u00e1 a La Boca con dos cambios seguros, uno ser\u00e1 el ingreso de Gonzalo \u00abChory\u00bb Castro, de 38 a\u00f1os y con pasado en Espa\u00f1a donde visti\u00f3 las camisetas de Mallorca, Real Sociedad y M\u00e1laga.<\/p>\n\n\n\n<p>El \u00abChory\u00bb Castro ingresar\u00e1 por Juan Ignacio Ram\u00edrez, mientras que Bruno Damiani reemplazar\u00e1 a Franco Fag\u00fandez, y es probable tambi\u00e9n que el juvenil Thiago Helguera ingrese por Diego \u00abTorito\u00bb Rodr\u00edguez.<\/p>\n\n\n\n<p>Nacional, que est\u00e1 invicto en la Bombonera con tres empates y un triunfo, estar\u00e1 acompa\u00f1ado por unos 2.100 hinchas que se reunir\u00e1n este mi\u00e9rcoles a las 15 en Puerto Madero (Avenida de los Italianos y Grierson), para ir juntos al estadio.<\/p>\n\n\n\n<p>La presencia de los uruguayos ser\u00e1 custodiada en su trayecto al estadio para evitar que se repitan los serios incidentes que protagonizaron la semana pasada hinchas de Boca en el estadio Gran Parque Central, con disturbios y enfrentamientos con la polic\u00eda, y con la promesa de tomarse revancha en el partido desquite.<\/p>\n\n\n\n<p>Boca sue\u00f1a con volver a alzar la Libertadores y por esa raz\u00f3n su partido ante Nacional le abrir\u00e1 una nueva ilusi\u00f3n, y de perderlo ser\u00e1 una frustraci\u00f3n importante, que seguramente incidir\u00e1 en el futuro de Almir\u00f3n y tambi\u00e9n de algunos jugadores importantes.<\/p>\n\n\n\n<p>&#8211; Probables Formaciones &#8211;<\/p>\n\n\n\n<p>Boca Juniors: Sergio \u00abChiquito\u00bb Romero; Luis Adv\u00edncula, Nicol\u00e1s Figal, Bruno Valdez o Alan Varela, Nicol\u00e1s Valentini y Frank Fabra: Cristian Medina, Guillermo \u00abPol\u00bb Fern\u00e1ndez y Valent\u00edn Barco; Miguel Merentiel y Edinson Cavani. DT: Jorge Almir\u00f3n.<\/p>\n\n\n\n<p>Nacional: Salvador Ichazo; Leandro Lozano, Daniel Bocanegra, Diego Polenta y Gabriel B\u00e1ez; Yonatan Rodr\u00edguez, Diego Rodr\u00edguez o Thiago Helguera, Alfonso Trezzay Diego Zabala; Bruno Damiani y Gonzalo Castro. DT: Alvaro Guti\u00e9rrez.<\/p>\n\n\n\n<p>Arbitro: Anderson Daronco, de Brasil.<\/p>\n\n\n\n<p>VAR: Daniel Nobre, de Brasil.<\/p>\n\n\n\n<p>Cancha. Boca Juniors.<\/p>\n\n\n\n<p>Hora de inicio: 21.<\/p>\n\n\n\n<p>TV: ESPN, Fox Sports y Star+. <\/p>\n","protected":false},"excerpt":{"rendered":"<p>Boca Juniors, con el debut del uruguayo Edinson Cavani, el refuerzo que sacudi\u00f3 el mercado&#8230;<\/p>\n","protected":false},"author":1,"featured_media":59656,"comment_status":"closed","ping_status":"closed","sticky":false,"template":"","format":"standard","meta":{"footnotes":""},"categories":[32],"tags":[],"class_list":["post-64545","post","type-post","status-publish","format-standard","has-post-thumbnail","hentry","category-deportes"],"_links":{"self":[{"href":"https:\/\/conurbanodiario.com.ar\/index.php?rest_route=\/wp\/v2\/posts\/64545","targetHints":{"allow":["GET"]}}],"collection":[{"href":"https:\/\/conurbanodiario.com.ar\/index.php?rest_route=\/wp\/v2\/posts"}],"about":[{"href":"https:\/\/conurbanodiario.com.ar\/index.php?rest_route=\/wp\/v2\/types\/post"}],"author":[{"embeddable":true,"href":"https:\/\/conurbanodiario.com.ar\/index.php?rest_route=\/wp\/v2\/users\/1"}],"replies":[{"embeddable":true,"href":"https:\/\/conurbanodiario.com.ar\/index.php?rest_route=%2Fwp%2Fv2%2Fcomments&post=64545"}],"version-history":[{"count":1,"href":"https:\/\/conurbanodiario.com.ar\/index.php?rest_route=\/wp\/v2\/posts\/64545\/revisions"}],"predecessor-version":[{"id":64547,"href":"https:\/\/conurbanodiario.com.ar\/index.php?rest_route=\/wp\/v2\/posts\/64545\/revisions\/64547"}],"wp:featuredmedia":[{"embeddable":true,"href":"https:\/\/conurbanodiario.com.ar\/index.php?rest_route=\/wp\/v2\/media\/59656"}],"wp:attachment":[{"href":"https:\/\/conurbanodiario.com.ar\/index.php?rest_route=%2Fwp%2Fv2%2Fmedia&parent=64545"}],"wp:term":[{"taxonomy":"category","embeddable":true,"href":"https:\/\/conurbanodiario.com.ar\/index.php?rest_route=%2Fwp%2Fv2%2Fcategories&post=64545"},{"taxonomy":"post_tag","embeddable":true,"href":"https:\/\/conurbanodiario.com.ar\/index.php?rest_route=%2Fwp%2Fv2%2Ftags&post=64545"}],"curies":[{"name":"wp","href":"https:\/\/api.w.org\/{rel}","templated":true}]}}