{"id":64542,"date":"2023-08-09T01:08:00","date_gmt":"2023-08-09T04:08:00","guid":{"rendered":"https:\/\/conurbanodiario.com.ar\/?p=64542"},"modified":"2023-08-20T05:15:32","modified_gmt":"2023-08-20T08:15:32","slug":"huracan-e-instituto-definen-el-rival-de-racing-en-la-copa-argentina","status":"publish","type":"post","link":"https:\/\/conurbanodiario.com.ar\/?p=64542","title":{"rendered":"HURAC\u00c1N E INSTITUTO DEFINEN EL RIVAL DE RACING EN LA COPA ARGENTINA"},"content":{"rendered":"\n<p>Hurac\u00e1n e Instituto de C\u00f3rdoba, dos equipos que se preparan para pelear por la permanencia en la Liga Profesional, definir\u00e1n este mi\u00e9rcoles su pase a los octavos de final de la Copa Argentina, donde espera Racing Club.<\/p>\n\n\n\n<p>El partido se jugar\u00e1 desde las 17.30 en el estadio Brigadier Estanislao L\u00f3pez de Col\u00f3n de Santa Fe, con arbitraje de Pablo D\u00f3valo y transmisi\u00f3n de TyC Sports.<\/p>\n\n\n\n<p>El ganador enfrentar\u00e1 a Racing Club, que super\u00f3 a San Mart\u00edn de Tucum\u00e1n (2-1) el pasado 19 de julio.<\/p>\n\n\n\n<p>Hurac\u00e1n, campe\u00f3n de la edici\u00f3n 2013\/14, lleg\u00f3 a esta instancia tras golear a Yupanqui por 4-1 cuando todav\u00eda era dirigido por Diego Dabove, actual entrenador de Instituto.<\/p>\n\n\n\n<p>La \u00abGloria\u00bb, por su parte, avanz\u00f3 tras vencer a Riestra por 2-1 en un partido que fue conducido interinamente por Daniel \u00abMiliki\u00bb Jim\u00e9nez tras la salida de Lucas Bovaglio.<\/p>\n\n\n\n<p>El \u00abGlobo\u00bb cerr\u00f3 el torneo 2023 con los primeros dos triunfos del ciclo de Diego Mart\u00ednez, ante Platense y V\u00e9lez, ambos 1-0, pero no le alcanz\u00f3 para salir del \u00faltimo puesto de la tabla anual que comparte con Col\u00f3n de Santa Fe.<\/p>\n\n\n\n<p>De cara a un semestre decisivo ya se sumaron como refuerzos Joel So\u00f1ora, el chileno Rodrigo Echeverr\u00eda y H\u00e9ctor F\u00e9rtoli, y tambi\u00e9n esta cerca el delantero juvenil de River Plate Franco Alfonso.<\/p>\n\n\n\n<p>En Instituto, por el momento, lograron retener a Adri\u00e1n \u00abMaravilla\u00bb Mart\u00ednez, el goleador del equipo en la \u00faltima Liga Profesional con 11 de los 24 tantos del equipo, que termin\u00f3 en el puesto 18 con 32 puntos.<\/p>\n\n\n\n<p>El club, que ayer celebr\u00f3 sus 105 a\u00f1os de historia, incorpor\u00f3 a Luciano Aued y Lucas Rodr\u00edguez.<\/p>\n\n\n\n<p>Hurac\u00e1n e Instituto se volvieron a enfrentar en Primera Divisi\u00f3n en febrero pasado luego de 37 a\u00f1os y empataron sin goles en Alta C\u00f3rdoba.<\/p>\n\n\n\n<p>El cruce m\u00e1s importante que protagonizaron ambos equipos fue en 2005 cuando jugaron la promoci\u00f3n e Instituto logr\u00f3 permanecer en la m\u00e1xima categor\u00eda.<\/p>\n\n\n\n<p>&#8211;Posibles formaciones&#8211;<\/p>\n\n\n\n<p>Instituto: Manuel Roffo; Giuliano Cerato, Ezequiel Parnisari, Fernando Alarc\u00f3n y Sebasti\u00e1n Corda; Gabriel Graciani, Roberto Bochi, Gast\u00f3n Lodico y Franco Watson; Adri\u00e1n Mart\u00ednez y Santiago Rodr\u00edguez. DT: Diego Dabove.<\/p>\n\n\n\n<p>Hurac\u00e1n: Lucas Chaves; Guillermo Soto, Fernando Tobio, Lucas Carrizo y Guillermo Ben\u00edtez; Walter Mazzantti, Santiago Hezze, Fernando Godoy y Juan Gauto; Nicol\u00e1s Cordero y Mat\u00edas C\u00f3ccaro. DT: Diego Mart\u00ednez.<\/p>\n\n\n\n<p>Hora: 17.30<\/p>\n\n\n\n<p>Cancha: Col\u00f3n (Santa Fe)<\/p>\n\n\n\n<p>\u00c1rbitro: Pablo D\u00f3valo<\/p>\n\n\n\n<p>TV: TyC Sports. <\/p>\n","protected":false},"excerpt":{"rendered":"<p>Hurac\u00e1n e Instituto de C\u00f3rdoba, dos equipos que se preparan para pelear por la permanencia&#8230;<\/p>\n","protected":false},"author":1,"featured_media":59656,"comment_status":"closed","ping_status":"closed","sticky":false,"template":"","format":"standard","meta":{"footnotes":""},"categories":[32],"tags":[],"class_list":["post-64542","post","type-post","status-publish","format-standard","has-post-thumbnail","hentry","category-deportes"],"_links":{"self":[{"href":"https:\/\/conurbanodiario.com.ar\/index.php?rest_route=\/wp\/v2\/posts\/64542","targetHints":{"allow":["GET"]}}],"collection":[{"href":"https:\/\/conurbanodiario.com.ar\/index.php?rest_route=\/wp\/v2\/posts"}],"about":[{"href":"https:\/\/conurbanodiario.com.ar\/index.php?rest_route=\/wp\/v2\/types\/post"}],"author":[{"embeddable":true,"href":"https:\/\/conurbanodiario.com.ar\/index.php?rest_route=\/wp\/v2\/users\/1"}],"replies":[{"embeddable":true,"href":"https:\/\/conurbanodiario.com.ar\/index.php?rest_route=%2Fwp%2Fv2%2Fcomments&post=64542"}],"version-history":[{"count":1,"href":"https:\/\/conurbanodiario.com.ar\/index.php?rest_route=\/wp\/v2\/posts\/64542\/revisions"}],"predecessor-version":[{"id":64544,"href":"https:\/\/conurbanodiario.com.ar\/index.php?rest_route=\/wp\/v2\/posts\/64542\/revisions\/64544"}],"wp:featuredmedia":[{"embeddable":true,"href":"https:\/\/conurbanodiario.com.ar\/index.php?rest_route=\/wp\/v2\/media\/59656"}],"wp:attachment":[{"href":"https:\/\/conurbanodiario.com.ar\/index.php?rest_route=%2Fwp%2Fv2%2Fmedia&parent=64542"}],"wp:term":[{"taxonomy":"category","embeddable":true,"href":"https:\/\/conurbanodiario.com.ar\/index.php?rest_route=%2Fwp%2Fv2%2Fcategories&post=64542"},{"taxonomy":"post_tag","embeddable":true,"href":"https:\/\/conurbanodiario.com.ar\/index.php?rest_route=%2Fwp%2Fv2%2Ftags&post=64542"}],"curies":[{"name":"wp","href":"https:\/\/api.w.org\/{rel}","templated":true}]}}