{"id":64536,"date":"2023-08-11T01:09:00","date_gmt":"2023-08-11T04:09:00","guid":{"rendered":"https:\/\/conurbanodiario.com.ar\/?p=64536"},"modified":"2023-08-20T05:15:31","modified_gmt":"2023-08-20T08:15:31","slug":"la-actividad-de-la-construccion-cayo-188-interanual-en-julio-segun-el-indice-construya","status":"publish","type":"post","link":"https:\/\/conurbanodiario.com.ar\/?p=64536","title":{"rendered":"LA ACTIVIDAD DE LA CONSTRUCCI\u00d3N CAY\u00d3 1,88% INTERANUAL EN JULIO, SEG\u00daN EL \u00cdNDICE CONSTRUYA"},"content":{"rendered":"\n<p>La actividad de la industria de la construcci\u00f3n tuvo en julio un descenso interanual del 1,88% y mensual desestacionalizado del 1,98%, seg\u00fan el \u00cdndice Construya (IC) dado a conocer esta semana.<\/p>\n\n\n\n<p>El \u00edndice elaborado por el Grupo Construya mide la evoluci\u00f3n de los vol\u00famenes vendidos al sector privado de los productos para la construcci\u00f3n que fabrican las empresas que conforman la entidad.<\/p>\n\n\n\n<p>En su informe, Construya se\u00f1al\u00f3 que \u00abse ve una ca\u00edda de los vol\u00famenes vendidos durante el mes de julio y esto se debe a la incertidumbre general, cada vez m\u00e1s cercano a las elecciones\u00bb.<\/p>\n\n\n\n<p>El \u00edndice mide la evoluci\u00f3n de los vol\u00famenes vendidos al sector privado de los siguientes productos: ladrillos cer\u00e1micos, cemento portland, cal, aceros largos, carpinter\u00eda de aluminio, adhesivos y pastinas; pinturas impermeabilizantes, sanitarios, calderas y sistemas hogare\u00f1os y centrales de calefacci\u00f3n, grifer\u00eda y ca\u00f1os de conducci\u00f3n de agua, pisos y revestimientos cer\u00e1micos.<\/p>\n\n\n\n<p>La entidad aclar\u00f3 que los indicadores de la actividad de la construcci\u00f3n dados a conocer esta semana por el Instituto Nacional de Estad\u00edstica y Censos (Indec) \u00abestar\u00e1 referido al mes de junio de 2023, por lo tanto, no es comparable con este \u00cdndice Construya, correspondiente al mes de julio\u00bb.<\/p>\n\n\n\n<p>La AFCP tambi\u00e9n precis\u00f3 que los despachos acumulados en los primeros siete meses de 2023 ascendieron a 7.249.281 millones, con un descenso del 0,7% respecto del mismo per\u00edodo del a\u00f1o anterior. <\/p>\n","protected":false},"excerpt":{"rendered":"<p>La actividad de la industria de la construcci\u00f3n tuvo en julio un descenso interanual del&#8230;<\/p>\n","protected":false},"author":1,"featured_media":59656,"comment_status":"closed","ping_status":"closed","sticky":false,"template":"","format":"standard","meta":{"footnotes":""},"categories":[5],"tags":[],"class_list":["post-64536","post","type-post","status-publish","format-standard","has-post-thumbnail","hentry","category-el-pais"],"_links":{"self":[{"href":"https:\/\/conurbanodiario.com.ar\/index.php?rest_route=\/wp\/v2\/posts\/64536","targetHints":{"allow":["GET"]}}],"collection":[{"href":"https:\/\/conurbanodiario.com.ar\/index.php?rest_route=\/wp\/v2\/posts"}],"about":[{"href":"https:\/\/conurbanodiario.com.ar\/index.php?rest_route=\/wp\/v2\/types\/post"}],"author":[{"embeddable":true,"href":"https:\/\/conurbanodiario.com.ar\/index.php?rest_route=\/wp\/v2\/users\/1"}],"replies":[{"embeddable":true,"href":"https:\/\/conurbanodiario.com.ar\/index.php?rest_route=%2Fwp%2Fv2%2Fcomments&post=64536"}],"version-history":[{"count":1,"href":"https:\/\/conurbanodiario.com.ar\/index.php?rest_route=\/wp\/v2\/posts\/64536\/revisions"}],"predecessor-version":[{"id":64538,"href":"https:\/\/conurbanodiario.com.ar\/index.php?rest_route=\/wp\/v2\/posts\/64536\/revisions\/64538"}],"wp:featuredmedia":[{"embeddable":true,"href":"https:\/\/conurbanodiario.com.ar\/index.php?rest_route=\/wp\/v2\/media\/59656"}],"wp:attachment":[{"href":"https:\/\/conurbanodiario.com.ar\/index.php?rest_route=%2Fwp%2Fv2%2Fmedia&parent=64536"}],"wp:term":[{"taxonomy":"category","embeddable":true,"href":"https:\/\/conurbanodiario.com.ar\/index.php?rest_route=%2Fwp%2Fv2%2Fcategories&post=64536"},{"taxonomy":"post_tag","embeddable":true,"href":"https:\/\/conurbanodiario.com.ar\/index.php?rest_route=%2Fwp%2Fv2%2Ftags&post=64536"}],"curies":[{"name":"wp","href":"https:\/\/api.w.org\/{rel}","templated":true}]}}