{"id":64529,"date":"2023-08-09T01:07:00","date_gmt":"2023-08-09T04:07:00","guid":{"rendered":"https:\/\/conurbanodiario.com.ar\/?p=64529"},"modified":"2023-08-20T05:15:00","modified_gmt":"2023-08-20T08:15:00","slug":"hace-mucha-falta-que-haya-gente-que-se-acuerde-de-los-pobres-afirmo-el-obispo-tissera-en-la-fiesta-de-san-cayetano","status":"publish","type":"post","link":"https:\/\/conurbanodiario.com.ar\/?p=64529","title":{"rendered":"&#8220;HACE MUCHA FALTA QUE HAYA GENTE QUE SE ACUERDE DE LOS POBRES&#8221; AFIRM\u00d3 EL OBISPO TISSERA EN LA FIESTA DE SAN CAYETANO"},"content":{"rendered":"\n<p>El lunes 7 de agosto la Di\u00f3cesis de Quilmes se uni\u00f3 a los festejos por el d\u00eda de San Cayetano, patrono del pan y del trabajo, y en sus tres santuarios se celebraron misas durante todo el d\u00eda para los miles de feligreses que se hicieron presentes en Quilmes Oeste, Florencio Varela y Berazategui.<\/p>\n\n\n\n<p>El Padre Obispo Carlos Jos\u00e9 Tissera, titular de la Di\u00f3cesis de Quilmes, en el recuerdo de las virtudes de San Cayetano mencion\u00f3 que&nbsp;<em>\u201chace mucha falta que haya gente que se acuerde de los pobres\u2026 que haya dirigencias, de todos los colores, pol\u00edticas, econ\u00f3micas, empresariales, que se acuerden de los pobres\u201d<\/em>. Este mensaje lo comparti\u00f3 en la misa central del Santuario de Quilmes Oeste, ubicado en Mosconi 41.<\/p>\n\n\n\n<p>Adem\u00e1s, el obispo de Quilmes sostuvo que&nbsp;<em>\u201cel origen de los males sociales es la desigualdad, y por eso es necesario trabajar por un mundo con igualdad de oportunidades, donde todos puedan tener trabajo, oportunidad para hacerlo y puedan ganarse el pan dignamente\u201d<\/em>, al tiempo que pidi\u00f3 por la paz,&nbsp;<em>\u201cesa paz que es fruto de una sociedad con justicia\u201d<\/em>.<\/p>\n\n\n\n<p>Tambi\u00e9n, Monse\u00f1or Tissera invit\u00f3 a los fieles a pedir a San Cayetano por la salud, al recordar que el santo&nbsp;<em>\u201cfue el primero en crear hospitales\u201d<\/em>. Y rez\u00f3 por las familias, por los j\u00f3venes, por los ni\u00f1os porque&nbsp;<em>\u201cel camino es el amor, el servicio, el trabajo y la educaci\u00f3n que nace en los hogares\u201d<\/em>.<\/p>\n\n\n\n<p>Previo a la misa, el obispo de Quilmes particip\u00f3 de la procesi\u00f3n por las calles del barrio que parti\u00f3 desde la rotonda de Pasco hasta la puerta del templo parroquial, donde se emplaz\u00f3 el escenario para la misa.<\/p>\n\n\n\n<p>Por su parte, el Padre Obispo Eduardo Redondo, Auxiliar de la Di\u00f3cesis de Quilmes, acompa\u00f1\u00f3 a las comunidades de los santuarios de Berazategui y Florencio Varela, y a los peregrinos que se acercaron para pedir y agradecer al santo patrono del Pan y del Trabajo.<\/p>\n","protected":false},"excerpt":{"rendered":"<p>El lunes 7 de agosto la Di\u00f3cesis de Quilmes se uni\u00f3 a los festejos por&#8230;<\/p>\n","protected":false},"author":1,"featured_media":59656,"comment_status":"closed","ping_status":"closed","sticky":false,"template":"","format":"standard","meta":{"footnotes":""},"categories":[3],"tags":[],"class_list":["post-64529","post","type-post","status-publish","format-standard","has-post-thumbnail","hentry","category-informacion-general"],"_links":{"self":[{"href":"https:\/\/conurbanodiario.com.ar\/index.php?rest_route=\/wp\/v2\/posts\/64529","targetHints":{"allow":["GET"]}}],"collection":[{"href":"https:\/\/conurbanodiario.com.ar\/index.php?rest_route=\/wp\/v2\/posts"}],"about":[{"href":"https:\/\/conurbanodiario.com.ar\/index.php?rest_route=\/wp\/v2\/types\/post"}],"author":[{"embeddable":true,"href":"https:\/\/conurbanodiario.com.ar\/index.php?rest_route=\/wp\/v2\/users\/1"}],"replies":[{"embeddable":true,"href":"https:\/\/conurbanodiario.com.ar\/index.php?rest_route=%2Fwp%2Fv2%2Fcomments&post=64529"}],"version-history":[{"count":2,"href":"https:\/\/conurbanodiario.com.ar\/index.php?rest_route=\/wp\/v2\/posts\/64529\/revisions"}],"predecessor-version":[{"id":64532,"href":"https:\/\/conurbanodiario.com.ar\/index.php?rest_route=\/wp\/v2\/posts\/64529\/revisions\/64532"}],"wp:featuredmedia":[{"embeddable":true,"href":"https:\/\/conurbanodiario.com.ar\/index.php?rest_route=\/wp\/v2\/media\/59656"}],"wp:attachment":[{"href":"https:\/\/conurbanodiario.com.ar\/index.php?rest_route=%2Fwp%2Fv2%2Fmedia&parent=64529"}],"wp:term":[{"taxonomy":"category","embeddable":true,"href":"https:\/\/conurbanodiario.com.ar\/index.php?rest_route=%2Fwp%2Fv2%2Fcategories&post=64529"},{"taxonomy":"post_tag","embeddable":true,"href":"https:\/\/conurbanodiario.com.ar\/index.php?rest_route=%2Fwp%2Fv2%2Ftags&post=64529"}],"curies":[{"name":"wp","href":"https:\/\/api.w.org\/{rel}","templated":true}]}}