{"id":64523,"date":"2023-08-11T01:06:00","date_gmt":"2023-08-11T04:06:00","guid":{"rendered":"https:\/\/conurbanodiario.com.ar\/?p=64523"},"modified":"2023-08-20T05:15:31","modified_gmt":"2023-08-20T08:15:31","slug":"berazategui-mes-de-las-infancias-con-muchas-propuestas","status":"publish","type":"post","link":"https:\/\/conurbanodiario.com.ar\/?p=64523","title":{"rendered":"BERAZATEGUI: MES DE LAS INFANCIAS CON MUCHAS PROPUESTAS"},"content":{"rendered":"\n<p><strong>Agosto es el Mes de las Infancias y la Municipalidad de Berazategui, a cargo del intendente Juan Jos\u00e9 Mussi, lo va a festejar con muchas propuestas para los m\u00e1s peque\u00f1os. De esta manera, durante algunos de los fines de semana del mes habr\u00e1 jornadas recreativas gratuitas con juegos, talleres y espect\u00e1culos.<\/strong><\/p>\n\n\n\n<p>Los festejos comenzaron el s\u00e1bado 5 de agosto en la Plaza Eva Per\u00f3n (150 y 56, Hudson), con organizaci\u00f3n de las Secretar\u00edas de Cultura y Educaci\u00f3n y de Desarrollo Social y Comunitario, Recreaci\u00f3n, Turismo y Deportes, junto a la participaci\u00f3n de otras \u00e1reas municipales. Y continuaron el domingo 6 en la Plaza Mar\u00eda Luisa Rodr\u00edguez, (162 y 19, Barrio Belgrano). <\/p>\n\n\n\n<p>Las jornadas seguir\u00e1n en distintos barrios de la ciudad, en el horario de 15.00 a 17.00, seg\u00fan el siguiente cronograma:<\/p>\n\n\n\n<p>&#8211; S\u00e1bado 19\/8: Parque Lineal Guti\u00e9rrez (Camino Real e\/ 413 y 416, Juan Mar\u00eda Guti\u00e9rrez).<br>&#8211; Domingo 20\/8: Plaza Julia Copello de Tiscornia (Av. 14 y 132, Berazategui).<br>&#8211; S\u00e1bado 26\/8: Plaza Los Manzanos (10 y 127, Berazategui).<\/p>\n","protected":false},"excerpt":{"rendered":"<p>Agosto es el Mes de las Infancias y la Municipalidad de Berazategui, a cargo del&#8230;<\/p>\n","protected":false},"author":1,"featured_media":59656,"comment_status":"closed","ping_status":"closed","sticky":false,"template":"","format":"standard","meta":{"footnotes":""},"categories":[3],"tags":[],"class_list":["post-64523","post","type-post","status-publish","format-standard","has-post-thumbnail","hentry","category-informacion-general"],"_links":{"self":[{"href":"https:\/\/conurbanodiario.com.ar\/index.php?rest_route=\/wp\/v2\/posts\/64523","targetHints":{"allow":["GET"]}}],"collection":[{"href":"https:\/\/conurbanodiario.com.ar\/index.php?rest_route=\/wp\/v2\/posts"}],"about":[{"href":"https:\/\/conurbanodiario.com.ar\/index.php?rest_route=\/wp\/v2\/types\/post"}],"author":[{"embeddable":true,"href":"https:\/\/conurbanodiario.com.ar\/index.php?rest_route=\/wp\/v2\/users\/1"}],"replies":[{"embeddable":true,"href":"https:\/\/conurbanodiario.com.ar\/index.php?rest_route=%2Fwp%2Fv2%2Fcomments&post=64523"}],"version-history":[{"count":1,"href":"https:\/\/conurbanodiario.com.ar\/index.php?rest_route=\/wp\/v2\/posts\/64523\/revisions"}],"predecessor-version":[{"id":64525,"href":"https:\/\/conurbanodiario.com.ar\/index.php?rest_route=\/wp\/v2\/posts\/64523\/revisions\/64525"}],"wp:featuredmedia":[{"embeddable":true,"href":"https:\/\/conurbanodiario.com.ar\/index.php?rest_route=\/wp\/v2\/media\/59656"}],"wp:attachment":[{"href":"https:\/\/conurbanodiario.com.ar\/index.php?rest_route=%2Fwp%2Fv2%2Fmedia&parent=64523"}],"wp:term":[{"taxonomy":"category","embeddable":true,"href":"https:\/\/conurbanodiario.com.ar\/index.php?rest_route=%2Fwp%2Fv2%2Fcategories&post=64523"},{"taxonomy":"post_tag","embeddable":true,"href":"https:\/\/conurbanodiario.com.ar\/index.php?rest_route=%2Fwp%2Fv2%2Ftags&post=64523"}],"curies":[{"name":"wp","href":"https:\/\/api.w.org\/{rel}","templated":true}]}}