{"id":64520,"date":"2023-08-11T01:04:00","date_gmt":"2023-08-11T04:04:00","guid":{"rendered":"https:\/\/conurbanodiario.com.ar\/?p=64520"},"modified":"2023-08-20T05:15:31","modified_gmt":"2023-08-20T08:15:31","slug":"berazategui-1a-estacion-municipal-de-carga-de-liquidos-combustibles-del-pais","status":"publish","type":"post","link":"https:\/\/conurbanodiario.com.ar\/?p=64520","title":{"rendered":"BERAZATEGUI: 1\u00aa ESTACI\u00d3N MUNICIPAL DE CARGA DE L\u00cdQUIDOS COMBUSTIBLES DEL PA\u00cdS"},"content":{"rendered":"\n<p><strong>En Berazategui funciona la primera Estaci\u00f3n Municipal de Carga de L\u00edquidos Combustibles del pa\u00eds. Ubicada en Av. Ranelagh entre Milazzo y 45, est\u00e1 destinada exclusivamente a la flota de veh\u00edculos municipales que brindan servicios en el distrito.<\/strong><\/p>\n\n\n\n<p>\u201cEstamos orgullosos de tener esta estaci\u00f3n habilitada por la Secretar\u00eda de Energ\u00eda de la Naci\u00f3n y de poder comprar el combustible directamente a YPF -evitando intermediarios- para abastecer a toda la flota municipal, as\u00ed como a los m\u00f3viles de la Polic\u00eda de la Provincia\u201d, afirm\u00f3 Federico Pereyra, subsecretario de Automotores municipal.<\/p>\n\n\n\n<p>Y asegur\u00f3: \u201cPara el Municipio, esto representa un ahorro mayor en los combustibles y en los tiempos de carga. Esta estaci\u00f3n fue impulsada por el intendente Juan Jos\u00e9 Mussi, quien efectiviz\u00f3 la municipalizaci\u00f3n de este y otros servicios en la ciudad\u201d.<\/p>\n\n\n\n<p>Se encuentra habilitada por la Secretar\u00eda de Energ\u00eda del Gobierno nacional y cumple con todas las medidas y protocolos de seguridad que exige una estaci\u00f3n de servicio. Se trata de una iniciativa m\u00e1s en la municipalizaci\u00f3n de los servicios que caracteriza a Berazategui, que incluye -entre otros- la recolecci\u00f3n de residuos y deriva en un ahorro muy importante para la Comuna.<\/p>\n\n\n\n<p>De esta manera, y para seguir apostando al autoabastecimiento y evitar la tercerizaci\u00f3n de los servicios, la Municipalidad dispone tambi\u00e9n de sus propios talleres de mantenimiento, as\u00ed como de un dep\u00f3sito de repuestos para la preservaci\u00f3n de los m\u00f3viles de todas sus dependencias.<\/p>\n","protected":false},"excerpt":{"rendered":"<p>En Berazategui funciona la primera Estaci\u00f3n Municipal de Carga de L\u00edquidos Combustibles del pa\u00eds. Ubicada&#8230;<\/p>\n","protected":false},"author":1,"featured_media":59656,"comment_status":"closed","ping_status":"closed","sticky":false,"template":"","format":"standard","meta":{"footnotes":""},"categories":[1,3],"tags":[],"class_list":["post-64520","post","type-post","status-publish","format-standard","has-post-thumbnail","hentry","category-noticia-del-dia","category-informacion-general"],"_links":{"self":[{"href":"https:\/\/conurbanodiario.com.ar\/index.php?rest_route=\/wp\/v2\/posts\/64520","targetHints":{"allow":["GET"]}}],"collection":[{"href":"https:\/\/conurbanodiario.com.ar\/index.php?rest_route=\/wp\/v2\/posts"}],"about":[{"href":"https:\/\/conurbanodiario.com.ar\/index.php?rest_route=\/wp\/v2\/types\/post"}],"author":[{"embeddable":true,"href":"https:\/\/conurbanodiario.com.ar\/index.php?rest_route=\/wp\/v2\/users\/1"}],"replies":[{"embeddable":true,"href":"https:\/\/conurbanodiario.com.ar\/index.php?rest_route=%2Fwp%2Fv2%2Fcomments&post=64520"}],"version-history":[{"count":1,"href":"https:\/\/conurbanodiario.com.ar\/index.php?rest_route=\/wp\/v2\/posts\/64520\/revisions"}],"predecessor-version":[{"id":64522,"href":"https:\/\/conurbanodiario.com.ar\/index.php?rest_route=\/wp\/v2\/posts\/64520\/revisions\/64522"}],"wp:featuredmedia":[{"embeddable":true,"href":"https:\/\/conurbanodiario.com.ar\/index.php?rest_route=\/wp\/v2\/media\/59656"}],"wp:attachment":[{"href":"https:\/\/conurbanodiario.com.ar\/index.php?rest_route=%2Fwp%2Fv2%2Fmedia&parent=64520"}],"wp:term":[{"taxonomy":"category","embeddable":true,"href":"https:\/\/conurbanodiario.com.ar\/index.php?rest_route=%2Fwp%2Fv2%2Fcategories&post=64520"},{"taxonomy":"post_tag","embeddable":true,"href":"https:\/\/conurbanodiario.com.ar\/index.php?rest_route=%2Fwp%2Fv2%2Ftags&post=64520"}],"curies":[{"name":"wp","href":"https:\/\/api.w.org\/{rel}","templated":true}]}}