{"id":6452,"date":"2020-07-22T10:48:21","date_gmt":"2020-07-22T13:48:21","guid":{"rendered":"http:\/\/conurbanodiario.com.ar\/?p=6452"},"modified":"2020-07-22T10:48:21","modified_gmt":"2020-07-22T13:48:21","slug":"convocan-para-muestra-virtual","status":"publish","type":"post","link":"https:\/\/conurbanodiario.com.ar\/?p=6452","title":{"rendered":"CONVOCAN PARA MUESTRA VIRTUAL"},"content":{"rendered":"\n<p>El Municipio de Florencio Varela, a trav\u00e9s de la secretar\u00eda de Cultura, Deportes y Recreaci\u00f3n, lanza la iniciativa \u201cAlta en el Cielo\u201d, muestra online que consiste en exhibir trabajos de los vecinos varelenses que representen a la bandera argentina, en marco de las recordaciones por los 250 a\u00f1os del nacimiento y los 200 a\u00f1os del nacimiento de su creador, Manuel Belgrano.<\/p>\n\n\n\n<p>La convocatoria \u2013surgida desde la subdirecci\u00f3n de Artes Visuales municipal- cuenta con participaci\u00f3n libre y gratuita y sin l\u00edmite de edad; e incentiva a la comunidad a crear una obra original e in\u00e9dita sobre nuestro s\u00edmbolo patrio. La propuesta estar\u00e1 abierta hasta el nueve de agosto.<\/p>\n\n\n\n<p><strong>\u00bfQu\u00e9 caracter\u00edsticas pueden tener las obras y d\u00f3nde enviarlas?<\/strong><\/p>\n\n\n\n<p>Las vecinas y vecinos, seg\u00fan el reglamento t\u00e9cnico de la muestra, deber\u00e1n utilizar los colores celeste y blanco para dichas obras; adem\u00e1s podr\u00e1n emplear distintas disciplinas para llevarla adelante desde dibujo, pintura, ilustraci\u00f3n; pasando por escultura, cer\u00e1mica, mosaico; hasta llegar a intervenci\u00f3n mural, fotograf\u00eda, foto\/performance, grabado y nuevos medios.<\/p>\n\n\n\n<p>Las mismas se deber\u00e1n enviar a la siguiente casilla de correo electr\u00f3nico: artesvisualesfvarel@gmail.com y ser\u00e1n exhibidas en la fanpage de facebook \u201cCultura Florencio Varela\u201d.<\/p>\n\n\n\n<p>Asimismo, es menester remarcar que todo el material ser\u00e1 recibido hasta el 10 de agosto del 2020 y ser\u00e1 difundido desde esa fecha, en formato \u00e1lbum, en la que se publicar\u00e1 un m\u00e1ximo de 20 obras diarias.<\/p>\n\n\n\n<p>Las categor\u00edas de participaci\u00f3n son tres: infantil (6 a 14 a\u00f1os), joven (15 a 18 a\u00f1os) y adulta (18 a\u00f1os y libre)<\/p>\n\n\n\n<p><strong>Evaluaci\u00f3n, selecci\u00f3n y premio<\/strong><\/p>\n\n\n\n<p>Se evaluar\u00e1 la originalidad al igual que la t\u00e9cnica utilizada en cada representaci\u00f3n. En tanto, el premio consiste en un diploma digital, que acreditar\u00e1 la participaci\u00f3n en dicha muestra, a las tres mejores obras que clasifiquen en cada una de las categor\u00edas ya mencionadas.<\/p>\n\n\n\n<p>Las personas interesadas para mayor informaci\u00f3n pueden consultar las Bases y Condiciones en: varela.gob.ar\/concursosycompetencias<\/p>\n","protected":false},"excerpt":{"rendered":"<p>El Municipio de Florencio Varela, a trav\u00e9s de la secretar\u00eda de Cultura, Deportes y Recreaci\u00f3n,&#8230;<\/p>\n","protected":false},"author":1,"featured_media":59656,"comment_status":"open","ping_status":"open","sticky":false,"template":"","format":"standard","meta":{"footnotes":""},"categories":[8],"tags":[],"class_list":["post-6452","post","type-post","status-publish","format-standard","has-post-thumbnail","hentry","category-cultura"],"_links":{"self":[{"href":"https:\/\/conurbanodiario.com.ar\/index.php?rest_route=\/wp\/v2\/posts\/6452","targetHints":{"allow":["GET"]}}],"collection":[{"href":"https:\/\/conurbanodiario.com.ar\/index.php?rest_route=\/wp\/v2\/posts"}],"about":[{"href":"https:\/\/conurbanodiario.com.ar\/index.php?rest_route=\/wp\/v2\/types\/post"}],"author":[{"embeddable":true,"href":"https:\/\/conurbanodiario.com.ar\/index.php?rest_route=\/wp\/v2\/users\/1"}],"replies":[{"embeddable":true,"href":"https:\/\/conurbanodiario.com.ar\/index.php?rest_route=%2Fwp%2Fv2%2Fcomments&post=6452"}],"version-history":[{"count":1,"href":"https:\/\/conurbanodiario.com.ar\/index.php?rest_route=\/wp\/v2\/posts\/6452\/revisions"}],"predecessor-version":[{"id":6454,"href":"https:\/\/conurbanodiario.com.ar\/index.php?rest_route=\/wp\/v2\/posts\/6452\/revisions\/6454"}],"wp:featuredmedia":[{"embeddable":true,"href":"https:\/\/conurbanodiario.com.ar\/index.php?rest_route=\/wp\/v2\/media\/59656"}],"wp:attachment":[{"href":"https:\/\/conurbanodiario.com.ar\/index.php?rest_route=%2Fwp%2Fv2%2Fmedia&parent=6452"}],"wp:term":[{"taxonomy":"category","embeddable":true,"href":"https:\/\/conurbanodiario.com.ar\/index.php?rest_route=%2Fwp%2Fv2%2Fcategories&post=6452"},{"taxonomy":"post_tag","embeddable":true,"href":"https:\/\/conurbanodiario.com.ar\/index.php?rest_route=%2Fwp%2Fv2%2Ftags&post=6452"}],"curies":[{"name":"wp","href":"https:\/\/api.w.org\/{rel}","templated":true}]}}