{"id":64504,"date":"2023-08-10T01:05:00","date_gmt":"2023-08-10T04:05:00","guid":{"rendered":"https:\/\/conurbanodiario.com.ar\/?p=64504"},"modified":"2023-08-20T05:15:32","modified_gmt":"2023-08-20T08:15:32","slug":"tardecitas-varelenses-en-villa-cirio","status":"publish","type":"post","link":"https:\/\/conurbanodiario.com.ar\/?p=64504","title":{"rendered":"TARDECITAS VARELENSES EN VILLA CIRIO"},"content":{"rendered":"\n<p>El Centro de Jubilados y Pensionados \u201cLa Primavera Varelense\u201d ser\u00e1 la locaci\u00f3n para brindar tanto diversi\u00f3n como m\u00fasica de diferentes g\u00e9neros este jueves 10 de agosto de 17 a 19 hs.<\/p>\n\n\n\n<p>\u201cInvitamos a sumarse a esta propuesta municipal en la instituci\u00f3n situada en Famatina N\u00ba1125, esquina Las Am\u00e9ricas\u201d, comenta la coordinadora de artistas, Viviana Olivera.<\/p>\n\n\n\n<p>La conductora del evento -Romina Andrada- celebra \u201cla realizaci\u00f3n de un encuentro vespertino para toda la familia que llega a los barrios a trav\u00e9s de distintos establecimientos\u201d.<\/p>\n\n\n\n<p><em>Cronograma:<\/em><\/p>\n\n\n\n<p>&#8211; 17 hs. Tango con Quique Lavalle<\/p>\n\n\n\n<p>&#8211; 17.30 hs. Daniel Sevilla<\/p>\n\n\n\n<p>&#8211; 18 hs. Folklore con Kike Leguizam\u00f3n<\/p>\n\n\n\n<p>&#8211; 18.30 hs. Mel\u00f3dico-tropical con Juanma<\/p>\n","protected":false},"excerpt":{"rendered":"<p>El Centro de Jubilados y Pensionados \u201cLa Primavera Varelense\u201d ser\u00e1 la locaci\u00f3n para brindar tanto&#8230;<\/p>\n","protected":false},"author":1,"featured_media":59656,"comment_status":"closed","ping_status":"closed","sticky":false,"template":"","format":"standard","meta":{"footnotes":""},"categories":[8],"tags":[],"class_list":["post-64504","post","type-post","status-publish","format-standard","has-post-thumbnail","hentry","category-cultura"],"_links":{"self":[{"href":"https:\/\/conurbanodiario.com.ar\/index.php?rest_route=\/wp\/v2\/posts\/64504","targetHints":{"allow":["GET"]}}],"collection":[{"href":"https:\/\/conurbanodiario.com.ar\/index.php?rest_route=\/wp\/v2\/posts"}],"about":[{"href":"https:\/\/conurbanodiario.com.ar\/index.php?rest_route=\/wp\/v2\/types\/post"}],"author":[{"embeddable":true,"href":"https:\/\/conurbanodiario.com.ar\/index.php?rest_route=\/wp\/v2\/users\/1"}],"replies":[{"embeddable":true,"href":"https:\/\/conurbanodiario.com.ar\/index.php?rest_route=%2Fwp%2Fv2%2Fcomments&post=64504"}],"version-history":[{"count":1,"href":"https:\/\/conurbanodiario.com.ar\/index.php?rest_route=\/wp\/v2\/posts\/64504\/revisions"}],"predecessor-version":[{"id":64506,"href":"https:\/\/conurbanodiario.com.ar\/index.php?rest_route=\/wp\/v2\/posts\/64504\/revisions\/64506"}],"wp:featuredmedia":[{"embeddable":true,"href":"https:\/\/conurbanodiario.com.ar\/index.php?rest_route=\/wp\/v2\/media\/59656"}],"wp:attachment":[{"href":"https:\/\/conurbanodiario.com.ar\/index.php?rest_route=%2Fwp%2Fv2%2Fmedia&parent=64504"}],"wp:term":[{"taxonomy":"category","embeddable":true,"href":"https:\/\/conurbanodiario.com.ar\/index.php?rest_route=%2Fwp%2Fv2%2Fcategories&post=64504"},{"taxonomy":"post_tag","embeddable":true,"href":"https:\/\/conurbanodiario.com.ar\/index.php?rest_route=%2Fwp%2Fv2%2Ftags&post=64504"}],"curies":[{"name":"wp","href":"https:\/\/api.w.org\/{rel}","templated":true}]}}