{"id":64501,"date":"2023-08-11T01:02:00","date_gmt":"2023-08-11T04:02:00","guid":{"rendered":"https:\/\/conurbanodiario.com.ar\/?p=64501"},"modified":"2023-08-20T05:15:32","modified_gmt":"2023-08-20T08:15:32","slug":"turismo-y-religion-en-florencio-varela","status":"publish","type":"post","link":"https:\/\/conurbanodiario.com.ar\/?p=64501","title":{"rendered":"TURISMO Y RELIGI\u00d3N EN FLORENCIO VARELA"},"content":{"rendered":"\n<p>Para el mi\u00e9rcoles 23 de agosto, la Comuna programa el primer recorrido por la historia y arquitectura de distintos templos de la ciudad con acceso gratuito para toda la familia.<\/p>\n\n\n\n<p>La titular del \u00e1rea de Culto -Valeria Kreik- explica: \u201cLa propuesta surge con el objetivo que vecinos y vecinas del partido descubran la riqueza tanto religiosa como cultural de lugares varelenses emblem\u00e1ticos junto a los diferentes credos existentes en el distrito a fin de valorar su diversidad\u00bb.<\/p>\n\n\n\n<p>\u00abEstrechar lazos con las distintas creencias, mostrar la importancia de convivir en un marco de tolerancia y paz\u201d, agrega.<\/p>\n\n\n\n<p>\u201cEn cada instituci\u00f3n, habr\u00e1 un gu\u00eda encargado de recordar el origen de los establecimientos, su infraestructura, tradiciones; tambi\u00e9n estipulamos una instancia de interacci\u00f3n con las y los concurrentes\u201d, anticipa.<\/p>\n\n\n\n<p>Por su parte, la directora de Turismo -Mariana Oviedo- precisa: \u201cEn esta fecha inicial visitaremos la Parroquia San Juan Bautista, el Santuario de Schoenstatt m\u00e1s la Iglesia Evang\u00e9lica del R\u00edo de la Plata\u201d. Asimismo, adelanta: \u201cPlanificamos en lo venidero una segunda salida por otros cuatro sitios de nuestra regi\u00f3n\u201d.<\/p>\n\n\n\n<p>Interesados e interesadas en participar, enviar un correo electr\u00f3nico a turismovarela@gmail.com y adjuntar al mismo un tel\u00e9fono de contacto. Cabe destacar que establecen como cupo m\u00e1ximo 40 personas.<\/p>\n","protected":false},"excerpt":{"rendered":"<p>Para el mi\u00e9rcoles 23 de agosto, la Comuna programa el primer recorrido por la historia&#8230;<\/p>\n","protected":false},"author":1,"featured_media":59656,"comment_status":"closed","ping_status":"closed","sticky":false,"template":"","format":"standard","meta":{"footnotes":""},"categories":[33,3],"tags":[],"class_list":["post-64501","post","type-post","status-publish","format-standard","has-post-thumbnail","hentry","category-destacados","category-informacion-general"],"_links":{"self":[{"href":"https:\/\/conurbanodiario.com.ar\/index.php?rest_route=\/wp\/v2\/posts\/64501","targetHints":{"allow":["GET"]}}],"collection":[{"href":"https:\/\/conurbanodiario.com.ar\/index.php?rest_route=\/wp\/v2\/posts"}],"about":[{"href":"https:\/\/conurbanodiario.com.ar\/index.php?rest_route=\/wp\/v2\/types\/post"}],"author":[{"embeddable":true,"href":"https:\/\/conurbanodiario.com.ar\/index.php?rest_route=\/wp\/v2\/users\/1"}],"replies":[{"embeddable":true,"href":"https:\/\/conurbanodiario.com.ar\/index.php?rest_route=%2Fwp%2Fv2%2Fcomments&post=64501"}],"version-history":[{"count":1,"href":"https:\/\/conurbanodiario.com.ar\/index.php?rest_route=\/wp\/v2\/posts\/64501\/revisions"}],"predecessor-version":[{"id":64503,"href":"https:\/\/conurbanodiario.com.ar\/index.php?rest_route=\/wp\/v2\/posts\/64501\/revisions\/64503"}],"wp:featuredmedia":[{"embeddable":true,"href":"https:\/\/conurbanodiario.com.ar\/index.php?rest_route=\/wp\/v2\/media\/59656"}],"wp:attachment":[{"href":"https:\/\/conurbanodiario.com.ar\/index.php?rest_route=%2Fwp%2Fv2%2Fmedia&parent=64501"}],"wp:term":[{"taxonomy":"category","embeddable":true,"href":"https:\/\/conurbanodiario.com.ar\/index.php?rest_route=%2Fwp%2Fv2%2Fcategories&post=64501"},{"taxonomy":"post_tag","embeddable":true,"href":"https:\/\/conurbanodiario.com.ar\/index.php?rest_route=%2Fwp%2Fv2%2Ftags&post=64501"}],"curies":[{"name":"wp","href":"https:\/\/api.w.org\/{rel}","templated":true}]}}