{"id":6449,"date":"2020-07-22T10:38:39","date_gmt":"2020-07-22T13:38:39","guid":{"rendered":"http:\/\/conurbanodiario.com.ar\/?p=6449"},"modified":"2020-07-22T10:38:40","modified_gmt":"2020-07-22T13:38:40","slug":"operativos-de-deteccion-de-casos-sospechosos-de-coronavirus-en-barrios-varelenses","status":"publish","type":"post","link":"https:\/\/conurbanodiario.com.ar\/?p=6449","title":{"rendered":"OPERATIVOS DE DETECCI\u00d3N DE CASOS SOSPECHOSOS DE CORONAVIRUS EN BARRIOS VARELENSES"},"content":{"rendered":"\n<p>El Municipio sigue recorriendo los barrios, llevando los operativos de detecci\u00f3n de personas sintom\u00e1ticas de Coronavirus. Como parte de las medidas preventivas impulsadas por el intendente Andr\u00e9s Watson, los rastreos apuntan a una detecci\u00f3n precoz de la enfermedad a fin de aplicar prontamente el protocolo y frenar el avance del virus. En la jornada de hoy, los mismos tuvieron lugar en Villa Argentina y Luj\u00e1n.<\/p>\n\n\n\n<p>\u201cLos rastrillajes casa por casa nos permiten detectar de manera temprana posibles casos de Covid19, actuar r\u00e1pidamente y evitar nuevos contagios\u201d, expresa Watson, quien el pasado viernes recorri\u00f3 uno de los mencionados relevamientos socio-sanitarios junto al ministro de la cartera sanitaria bonaerense \u2013Daniel Goll\u00e1n-.<\/p>\n\n\n\n<p>Un equipo interdisciplinario de la Comuna llega al barrio y se entrevista con las familias, domicilio por domicilio. Sin ingresar a la vivienda, se toma la temperatura de los habitantes de cada hogar y en los casos que presenten s\u00edntomas, se realiza el hisopado correspondiente para confirmar el estado de salud.<\/p>\n\n\n\n<p>Adem\u00e1s de dichos controles, se realiza un cuestionario socio-sanitario para determinar aquellas necesidades y situaciones que requieran alg\u00fan tipo de asistencia o intervenci\u00f3n desde las distintas \u00e1reas municipales.&nbsp;Asimismo, se orienta y recuerda a los vecinos acerca de las principales medidas preventivas a tener en cuenta en relaci\u00f3n al Coronavirus.<\/p>\n\n\n\n<p>Este trabajo territorial lo lleva adelante personal de la Secretar\u00eda de Salud y de otras dependencias municipales que colaboran. Tras una capacitaci\u00f3n, la semana pasada se sumaron voluntarios a participar de los operativos. Tambi\u00e9n forman parte, fuerzas de seguridad, Defensa Civil y Guardia Comunal.<\/p>\n","protected":false},"excerpt":{"rendered":"<p>El Municipio sigue recorriendo los barrios, llevando los operativos de detecci\u00f3n de personas sintom\u00e1ticas de&#8230;<\/p>\n","protected":false},"author":1,"featured_media":59656,"comment_status":"open","ping_status":"open","sticky":false,"template":"","format":"standard","meta":{"footnotes":""},"categories":[31],"tags":[],"class_list":["post-6449","post","type-post","status-publish","format-standard","has-post-thumbnail","hentry","category-salud"],"_links":{"self":[{"href":"https:\/\/conurbanodiario.com.ar\/index.php?rest_route=\/wp\/v2\/posts\/6449","targetHints":{"allow":["GET"]}}],"collection":[{"href":"https:\/\/conurbanodiario.com.ar\/index.php?rest_route=\/wp\/v2\/posts"}],"about":[{"href":"https:\/\/conurbanodiario.com.ar\/index.php?rest_route=\/wp\/v2\/types\/post"}],"author":[{"embeddable":true,"href":"https:\/\/conurbanodiario.com.ar\/index.php?rest_route=\/wp\/v2\/users\/1"}],"replies":[{"embeddable":true,"href":"https:\/\/conurbanodiario.com.ar\/index.php?rest_route=%2Fwp%2Fv2%2Fcomments&post=6449"}],"version-history":[{"count":1,"href":"https:\/\/conurbanodiario.com.ar\/index.php?rest_route=\/wp\/v2\/posts\/6449\/revisions"}],"predecessor-version":[{"id":6451,"href":"https:\/\/conurbanodiario.com.ar\/index.php?rest_route=\/wp\/v2\/posts\/6449\/revisions\/6451"}],"wp:featuredmedia":[{"embeddable":true,"href":"https:\/\/conurbanodiario.com.ar\/index.php?rest_route=\/wp\/v2\/media\/59656"}],"wp:attachment":[{"href":"https:\/\/conurbanodiario.com.ar\/index.php?rest_route=%2Fwp%2Fv2%2Fmedia&parent=6449"}],"wp:term":[{"taxonomy":"category","embeddable":true,"href":"https:\/\/conurbanodiario.com.ar\/index.php?rest_route=%2Fwp%2Fv2%2Fcategories&post=6449"},{"taxonomy":"post_tag","embeddable":true,"href":"https:\/\/conurbanodiario.com.ar\/index.php?rest_route=%2Fwp%2Fv2%2Ftags&post=6449"}],"curies":[{"name":"wp","href":"https:\/\/api.w.org\/{rel}","templated":true}]}}