{"id":64467,"date":"2023-08-11T01:07:00","date_gmt":"2023-08-11T04:07:00","guid":{"rendered":"https:\/\/conurbanodiario.com.ar\/?p=64467"},"modified":"2023-08-20T05:15:31","modified_gmt":"2023-08-20T08:15:31","slug":"el-22-de-agosto-comenzaran-los-alegatos-por-la-muerte-de-una-joven-en-una-fiesta-clandestina","status":"publish","type":"post","link":"https:\/\/conurbanodiario.com.ar\/?p=64467","title":{"rendered":"EL 22 DE AGOSTO COMENZAR\u00c1N LOS ALEGATOS POR LA MUERTE DE UNA JOVEN EN UNA FIESTA CLANDESTINA"},"content":{"rendered":"\n<p>El pr\u00f3ximo 22 de agosto, el Tribunal Oral Criminal (TOC) 3 de La Plata comenzar\u00e1 a oir los alegatos del juicio que sigue a cuatro empresarios platenses por la muerte de una joven que se ahog\u00f3 en una piscina el 1 de enero de 2016, durante una fiesta clandestina en una casaquinta, inform\u00f3 una fuente judicial.<\/p>\n\n\n\n<p>Seg\u00fan se precis\u00f3, el 22 de agosto pr\u00f3ximo alegar\u00e1 la fiscal\u00eda y el particular damnificado; en tanto el 24 lo har\u00e1 la defensa de los empresarios Carlos Bellone, Ra\u00fal \u00abPeque\u00bb Garc\u00eda, Santiago Piedrabuena y Gast\u00f3n Haramboure<\/p>\n\n\n\n<p>\u00ab&#8230; Concluyeron las audiencias de debate del juicio que investiga la muerte de la estudiante de periodismo Emilia Uscamayta Curi y el 22 de agosto alegar\u00e1 la fiscal\u00eda y el particular damnificado, y el 24 la defensa\u00bb, explic\u00f3 el lunes el abogado de la familia de la joven fallecida, Adri\u00e1n Rodr\u00edguez Antinao.<\/p>\n\n\n\n<p>Sostuvo que \u00abmanifestamos nuestro descontento con este hecho, ya que lo m\u00e1s sano hubiera sido que tanto la parte acusatoria como la defensa aleguen el mismo d\u00eda, puesto que aqu\u00ed la defensa tendr\u00e1 un d\u00eda y medio m\u00e1s de ventaja para contrarrestar lo que debamos alegar\u00bb.<\/p>\n\n\n\n<p>\u00abVamos detr\u00e1s de la verdad, descarto la venganza o animosidad hacia los imputados\u00bb, precis\u00f3 el letrado.<\/p>\n\n\n\n<p>Rodr\u00edguez Antinao asegur\u00f3 que en el juicio \u00abse demostr\u00f3 que se violaron m\u00faltiples normativas, que hubo negligencia y desatenci\u00f3n\u00bb.<\/p>\n\n\n\n<p>\u00abHab\u00eda un \u00e1nimo de lucro que ten\u00eda por objetivo generar ganancias en desmedro de la seguridad de las personas. Ofrec\u00edan ambulancias, m\u00e9dicos, guardavidas pero en el mercado de la noche se ofrecen prestaciones de servicios pero siempre es de menos calidad\u00bb, puntualiz\u00f3.<\/p>\n\n\n\n<p>Detall\u00f3 que \u00aben esa megafiesta (donde muri\u00f3 la joven) se basaron en esa regla, y en pocas horas levantaron millones de pesos. Estaban previstas diez mil entradas, m\u00e1s cocheras, m\u00e1s la venta de bebidas alcoh\u00f3licas y el sector vip\u00bb.<\/p>\n\n\n\n<p>Emilia Uscamayta Cur\u00ed muri\u00f3 el 1 de enero de 2016, cuando asist\u00eda a una fiesta clandestina en una casaquinta ubicada en la calle 520, entre 159 y 160, en las afueras de ciudad de La Plata.<\/p>\n\n\n\n<p>El evento hab\u00eda sido difundido en las redes sociales como \u00abLa Frontera, el l\u00edmite lo pon\u00e9s vos\u00bb..<\/p>\n\n\n\n<p>Seg\u00fan distintos testimonios, la joven muri\u00f3 ahogada en una piscina donde hab\u00eda muchas personas.<\/p>\n\n\n\n<p>\u00abQued\u00f3 acreditado que no hab\u00eda ambulancia, ni guardavidas, ni un protocolo de asistencia m\u00e9dica\u00bb, puntualiz\u00f3 el abogado de la familia de la v\u00edctima.<\/p>\n\n\n\n<p>Por la muerte de Uscamayta Cur\u00ed est\u00e1n acusados de \u00abhomicidio simple con dolo eventual, en concurso real con el delito de desobediencia en dos oportunidades\u00bb los empresarios Carlos Bellone, Ra\u00fal \u00abPeque\u00bb Garc\u00eda, Santiago Piedrabuena y Gast\u00f3n Haramboure.<\/p>\n\n\n\n<p>De acuerdo con la elevaci\u00f3n a juicio, Bellone est\u00e1 acusado porque era el due\u00f1o de la casaquinta, Piedrabuena y Haramboure como los organizadores de la fiesta clandestina y Garc\u00eda -el \u00fanico de los imputados que llega al juicio detenido en el marco de una casusa por delitos sexuales- por ser quien consigui\u00f3 las bebidas alcoh\u00f3licas para comercializar en el evento. <\/p>\n","protected":false},"excerpt":{"rendered":"<p>El pr\u00f3ximo 22 de agosto, el Tribunal Oral Criminal (TOC) 3 de La Plata comenzar\u00e1&#8230;<\/p>\n","protected":false},"author":1,"featured_media":59656,"comment_status":"closed","ping_status":"closed","sticky":false,"template":"","format":"standard","meta":{"footnotes":""},"categories":[29],"tags":[],"class_list":["post-64467","post","type-post","status-publish","format-standard","has-post-thumbnail","hentry","category-judiciales"],"_links":{"self":[{"href":"https:\/\/conurbanodiario.com.ar\/index.php?rest_route=\/wp\/v2\/posts\/64467","targetHints":{"allow":["GET"]}}],"collection":[{"href":"https:\/\/conurbanodiario.com.ar\/index.php?rest_route=\/wp\/v2\/posts"}],"about":[{"href":"https:\/\/conurbanodiario.com.ar\/index.php?rest_route=\/wp\/v2\/types\/post"}],"author":[{"embeddable":true,"href":"https:\/\/conurbanodiario.com.ar\/index.php?rest_route=\/wp\/v2\/users\/1"}],"replies":[{"embeddable":true,"href":"https:\/\/conurbanodiario.com.ar\/index.php?rest_route=%2Fwp%2Fv2%2Fcomments&post=64467"}],"version-history":[{"count":1,"href":"https:\/\/conurbanodiario.com.ar\/index.php?rest_route=\/wp\/v2\/posts\/64467\/revisions"}],"predecessor-version":[{"id":64469,"href":"https:\/\/conurbanodiario.com.ar\/index.php?rest_route=\/wp\/v2\/posts\/64467\/revisions\/64469"}],"wp:featuredmedia":[{"embeddable":true,"href":"https:\/\/conurbanodiario.com.ar\/index.php?rest_route=\/wp\/v2\/media\/59656"}],"wp:attachment":[{"href":"https:\/\/conurbanodiario.com.ar\/index.php?rest_route=%2Fwp%2Fv2%2Fmedia&parent=64467"}],"wp:term":[{"taxonomy":"category","embeddable":true,"href":"https:\/\/conurbanodiario.com.ar\/index.php?rest_route=%2Fwp%2Fv2%2Fcategories&post=64467"},{"taxonomy":"post_tag","embeddable":true,"href":"https:\/\/conurbanodiario.com.ar\/index.php?rest_route=%2Fwp%2Fv2%2Ftags&post=64467"}],"curies":[{"name":"wp","href":"https:\/\/api.w.org\/{rel}","templated":true}]}}