{"id":6443,"date":"2020-07-22T10:28:39","date_gmt":"2020-07-22T13:28:39","guid":{"rendered":"http:\/\/conurbanodiario.com.ar\/?p=6443"},"modified":"2020-07-29T12:34:19","modified_gmt":"2020-07-29T15:34:19","slug":"se-entrego-un-segundo-sospechoso-buscado-por-el-robo-al-jubilado-de-quilmes-que-mato-a-un-ladron","status":"publish","type":"post","link":"https:\/\/conurbanodiario.com.ar\/?p=6443","title":{"rendered":"SE ENTREG\u00d3 UN SEGUNDO SOSPECHOSO BUSCADO POR EL ROBO AL JUBILADO DE QUILMES QUE MAT\u00d3 A UN LADR\u00d3N"},"content":{"rendered":"\n<p>Un segundo imputado que era buscado como uno de los part\u00edcipes del asalto sufrido por Jorge R\u00edos, el jubilado de 71 a\u00f1os que mat\u00f3 a uno de los delincuentes que entr\u00f3 a robar a su casa de Quilmes, se entreg\u00f3 hoy, por lo que ahora s\u00f3lo quedan dos sospechosos pr\u00f3fugos, informaron fuentes policiales.<\/p>\n\n\n\n<p>Se trata de un joven identificado por las fuentes como Mart\u00edn Ariel Salto (27), quien se puso a disposici\u00f3n de la justicia luego de una serie de allanamientos y procedimientos realizados por la Delegaci\u00f3n Departamental de Investigaciones (DDI) de Quilmes en las villas La Vera y Los \u00c1lamos de ese partido del sur del conurbano.<\/p>\n\n\n\n<p>\u201cEstaba cercado, no ten\u00eda m\u00e1s lugares donde refugiarse y no tuvo otra alternativa m\u00e1s que entregarse\u201d, dijo un jefe policial.<\/p>\n\n\n\n<p>Salto se entreg\u00f3 pasadas las 0.30 de esta madrugada en la sede de la DDI Quilmes y qued\u00f3 detenido a disposici\u00f3n del fiscal de la causa, Ariel Rivas, de la Unidad Funcional de Instrucci\u00f3n (UFI) 1 del departamento judicial Quilmes.<\/p>\n\n\n\n<p>Voceros policiales indicaron que a\u00fan resta detener a otros dos sospechosos ya identificados, uno de ellos con el alias \u201cNN Dibu\u201d.<\/p>\n\n\n\n<p>Las mismas fuentes indicaron que uno de los pr\u00f3fugos fue liberado en abril pasado de una unidad carcelaria, en el marco del habeas corpus colectivo que permiti\u00f3 flexibilizar la salida de presos bonaerense por la pandemia del coronavirus.<\/p>\n\n\n\n<p>Salto es el segundo presunto integrante de la banda de asaltantes detenido que tiene la causa, ya que ayer otro joven, Cristian Chiara (23), fue aprehendido en uno de los allanamientos.<\/p>\n\n\n\n<p>Ayer, R\u00edos, quien se encuentra detenido con prisi\u00f3n domiciliaria por el delito de \u201chomicidio agravado por el uso de arma de fuego\u201d, que prev\u00e9 una pena de 10 a 25 a\u00f1os de prisi\u00f3n, habl\u00f3 en una radio por primera vez y dijo que no naci\u00f3 \u201cpara matar a nadie\u201d, y que no es un \u201cdelincuente\u201d, al tiempo que envi\u00f3 sus \u201ccondolencias totales\u201d a la familia del ladr\u00f3n muerto.<\/p>\n\n\n\n<p>El hecho ocurri\u00f3 el 17 de este mes, cerca de las 5, cuando los ladrones ingresaron por tercera vez en la misma noche a robar a la vivienda de R\u00edos, ubicada Ayolas al 2757, en Quilmes Oeste.<\/p>\n\n\n\n<p>El jubilado fue sorprendido mientras dorm\u00eda y fue golpeado e intimidado por los asaltantes con un destornillador mientras le exig\u00edan dinero, y en ese momento extrajo una pistola Bersa Thunder calibre 9 mil\u00edmetros de su propiedad y les efectu\u00f3 al menos seis disparos que los hizo huir de inmediato.<\/p>\n\n\n\n<p>En las im\u00e1genes de las c\u00e1maras de seguridad se ve que uno de los ladrones, luego identificado como Franco Mart\u00edn Moreyra (26), qued\u00f3 rezagado del resto de la banda porque estaba herido en un tobillo y trat\u00f3 de huir renguenado hasta que cay\u00f3 a la vuelta de la esquina.<\/p>\n\n\n\n<p>En los mismos videos se ve que R\u00edos sali\u00f3 armado de su casa y alcanz\u00f3 a Moreyra y lo pate\u00f3 y lo revis\u00f3.<\/p>\n\n\n\n<p>Si bien en la filmaci\u00f3n no se observa a simple vista ning\u00fan fogonazo, por la mala calidad de la imagen, la fiscal\u00eda cree que en ese sitio, a 60 metros de su casa y cuando Moreyra ya no representaba ning\u00fan peligro, el jubilado lo remat\u00f3 de un tiro que ingres\u00f3 en la zona intercostal y, por ello, lo dej\u00f3 detenido.<\/p>\n","protected":false},"excerpt":{"rendered":"<p>Un segundo imputado que era buscado como uno de los part\u00edcipes del asalto sufrido por&#8230;<\/p>\n","protected":false},"author":1,"featured_media":59656,"comment_status":"open","ping_status":"open","sticky":false,"template":"","format":"standard","meta":{"footnotes":""},"categories":[10],"tags":[],"class_list":["post-6443","post","type-post","status-publish","format-standard","has-post-thumbnail","hentry","category-seguridad"],"_links":{"self":[{"href":"https:\/\/conurbanodiario.com.ar\/index.php?rest_route=\/wp\/v2\/posts\/6443","targetHints":{"allow":["GET"]}}],"collection":[{"href":"https:\/\/conurbanodiario.com.ar\/index.php?rest_route=\/wp\/v2\/posts"}],"about":[{"href":"https:\/\/conurbanodiario.com.ar\/index.php?rest_route=\/wp\/v2\/types\/post"}],"author":[{"embeddable":true,"href":"https:\/\/conurbanodiario.com.ar\/index.php?rest_route=\/wp\/v2\/users\/1"}],"replies":[{"embeddable":true,"href":"https:\/\/conurbanodiario.com.ar\/index.php?rest_route=%2Fwp%2Fv2%2Fcomments&post=6443"}],"version-history":[{"count":1,"href":"https:\/\/conurbanodiario.com.ar\/index.php?rest_route=\/wp\/v2\/posts\/6443\/revisions"}],"predecessor-version":[{"id":6445,"href":"https:\/\/conurbanodiario.com.ar\/index.php?rest_route=\/wp\/v2\/posts\/6443\/revisions\/6445"}],"wp:featuredmedia":[{"embeddable":true,"href":"https:\/\/conurbanodiario.com.ar\/index.php?rest_route=\/wp\/v2\/media\/59656"}],"wp:attachment":[{"href":"https:\/\/conurbanodiario.com.ar\/index.php?rest_route=%2Fwp%2Fv2%2Fmedia&parent=6443"}],"wp:term":[{"taxonomy":"category","embeddable":true,"href":"https:\/\/conurbanodiario.com.ar\/index.php?rest_route=%2Fwp%2Fv2%2Fcategories&post=6443"},{"taxonomy":"post_tag","embeddable":true,"href":"https:\/\/conurbanodiario.com.ar\/index.php?rest_route=%2Fwp%2Fv2%2Ftags&post=6443"}],"curies":[{"name":"wp","href":"https:\/\/api.w.org\/{rel}","templated":true}]}}