{"id":6440,"date":"2020-07-21T18:38:29","date_gmt":"2020-07-21T21:38:29","guid":{"rendered":"http:\/\/conurbanodiario.com.ar\/?p=6440"},"modified":"2020-07-22T14:51:01","modified_gmt":"2020-07-22T17:51:01","slug":"confirman-la-detencion-de-un-sospechoso-por-el-robo-al-herrero-jubilado-de-quilmes","status":"publish","type":"post","link":"https:\/\/conurbanodiario.com.ar\/?p=6440","title":{"rendered":"CONFIRMAN LA DETENCI\u00d3N DE UN SOSPECHOSO POR EL ROBO AL HERRERO JUBILADO DE QUILMES"},"content":{"rendered":"\n<p>El ministro de Seguridad de la provincia, Sergio Berni, confirm\u00f3 esta tarde que al menos uno de los asaltantes que particip\u00f3 del robo a un herrero jubilado de 71 a\u00f1os, en el partido bonaerense de Quilmes, fue detenido tras un allanamiento y que otro ya est\u00e1 identificado, por lo que a su criterio \u201cel caso est\u00e1 resuelto\u201d.<\/p>\n\n\n\n<p>\u201cTenemos un detenido y otro en proceso de detenci\u00f3n\u201d, dijo esta tarde Berni, tras lo cual asegur\u00f3 que entre los integrantes de la banda que particip\u00f3 del robo al herrero Adolfo R\u00edos (71) \u201chay dos que integrar\u00edan la barra brava del club Quilmes\u201d.<\/p>\n","protected":false},"excerpt":{"rendered":"<p>El ministro de Seguridad de la provincia, Sergio Berni, confirm\u00f3 esta tarde que al menos&#8230;<\/p>\n","protected":false},"author":1,"featured_media":59656,"comment_status":"open","ping_status":"open","sticky":false,"template":"","format":"standard","meta":{"footnotes":""},"categories":[10],"tags":[],"class_list":["post-6440","post","type-post","status-publish","format-standard","has-post-thumbnail","hentry","category-seguridad"],"_links":{"self":[{"href":"https:\/\/conurbanodiario.com.ar\/index.php?rest_route=\/wp\/v2\/posts\/6440","targetHints":{"allow":["GET"]}}],"collection":[{"href":"https:\/\/conurbanodiario.com.ar\/index.php?rest_route=\/wp\/v2\/posts"}],"about":[{"href":"https:\/\/conurbanodiario.com.ar\/index.php?rest_route=\/wp\/v2\/types\/post"}],"author":[{"embeddable":true,"href":"https:\/\/conurbanodiario.com.ar\/index.php?rest_route=\/wp\/v2\/users\/1"}],"replies":[{"embeddable":true,"href":"https:\/\/conurbanodiario.com.ar\/index.php?rest_route=%2Fwp%2Fv2%2Fcomments&post=6440"}],"version-history":[{"count":1,"href":"https:\/\/conurbanodiario.com.ar\/index.php?rest_route=\/wp\/v2\/posts\/6440\/revisions"}],"predecessor-version":[{"id":6442,"href":"https:\/\/conurbanodiario.com.ar\/index.php?rest_route=\/wp\/v2\/posts\/6440\/revisions\/6442"}],"wp:featuredmedia":[{"embeddable":true,"href":"https:\/\/conurbanodiario.com.ar\/index.php?rest_route=\/wp\/v2\/media\/59656"}],"wp:attachment":[{"href":"https:\/\/conurbanodiario.com.ar\/index.php?rest_route=%2Fwp%2Fv2%2Fmedia&parent=6440"}],"wp:term":[{"taxonomy":"category","embeddable":true,"href":"https:\/\/conurbanodiario.com.ar\/index.php?rest_route=%2Fwp%2Fv2%2Fcategories&post=6440"},{"taxonomy":"post_tag","embeddable":true,"href":"https:\/\/conurbanodiario.com.ar\/index.php?rest_route=%2Fwp%2Fv2%2Ftags&post=6440"}],"curies":[{"name":"wp","href":"https:\/\/api.w.org\/{rel}","templated":true}]}}