{"id":64373,"date":"2023-08-21T01:07:00","date_gmt":"2023-08-21T04:07:00","guid":{"rendered":"https:\/\/conurbanodiario.com.ar\/?p=64373"},"modified":"2023-08-18T00:25:49","modified_gmt":"2023-08-18T03:25:49","slug":"invitacion-a-la-jornada-dia-del-catequista","status":"publish","type":"post","link":"https:\/\/conurbanodiario.com.ar\/?p=64373","title":{"rendered":"INVITACI\u00d3N A LA JORNADA D\u00cdA DEL CATEQUISTA"},"content":{"rendered":"\n<p>La Junta de Catequesis de la Di\u00f3cesis de Quilmes invita este lunes 21 de agosto\u00a0a participar de la\u00a0<strong>Jornada por el D\u00eda del Catequesita<\/strong>. El encuentro ser\u00e1\u00a0de 10 a 17 h\u00a0en la\u00a0Casa de Encuentros Santo Cura Brochero\u00a0de Bosques (Trenque Lauquen 2551, Bosques).<\/p>\n\n\n\n<p>La jornada de este a\u00f1o estar\u00e1 guiada por el lema&nbsp;<em>\u00abCatequista, ensancha el espacio de t\u00fa carpa\u00bb<\/em>&nbsp;(cfr. Is. 52, 4), que propone trabajar la propuesta sinodal de comuni\u00f3n, participaci\u00f3n y misi\u00f3n. El Padre Obispo Carlos Jos\u00e9 Tissera presidira la misa de apertura. El almuerzo comunitario ser\u00e1&nbsp; a la canasta.<\/p>\n\n\n\n<p>Se invita a llevar equipo de mate, anotador, biblia y elementos de cotill\u00f3n. Se convoca especialmente a las y los catequistas de la di\u00f3cesis. Y se recuerda que ese lunes es feriado.<\/p>\n","protected":false},"excerpt":{"rendered":"<p>La Junta de Catequesis de la Di\u00f3cesis de Quilmes invita este lunes 21 de agosto\u00a0a&#8230;<\/p>\n","protected":false},"author":1,"featured_media":59656,"comment_status":"closed","ping_status":"closed","sticky":false,"template":"","format":"standard","meta":{"footnotes":""},"categories":[3],"tags":[],"class_list":["post-64373","post","type-post","status-publish","format-standard","has-post-thumbnail","hentry","category-informacion-general"],"_links":{"self":[{"href":"https:\/\/conurbanodiario.com.ar\/index.php?rest_route=\/wp\/v2\/posts\/64373","targetHints":{"allow":["GET"]}}],"collection":[{"href":"https:\/\/conurbanodiario.com.ar\/index.php?rest_route=\/wp\/v2\/posts"}],"about":[{"href":"https:\/\/conurbanodiario.com.ar\/index.php?rest_route=\/wp\/v2\/types\/post"}],"author":[{"embeddable":true,"href":"https:\/\/conurbanodiario.com.ar\/index.php?rest_route=\/wp\/v2\/users\/1"}],"replies":[{"embeddable":true,"href":"https:\/\/conurbanodiario.com.ar\/index.php?rest_route=%2Fwp%2Fv2%2Fcomments&post=64373"}],"version-history":[{"count":2,"href":"https:\/\/conurbanodiario.com.ar\/index.php?rest_route=\/wp\/v2\/posts\/64373\/revisions"}],"predecessor-version":[{"id":64683,"href":"https:\/\/conurbanodiario.com.ar\/index.php?rest_route=\/wp\/v2\/posts\/64373\/revisions\/64683"}],"wp:featuredmedia":[{"embeddable":true,"href":"https:\/\/conurbanodiario.com.ar\/index.php?rest_route=\/wp\/v2\/media\/59656"}],"wp:attachment":[{"href":"https:\/\/conurbanodiario.com.ar\/index.php?rest_route=%2Fwp%2Fv2%2Fmedia&parent=64373"}],"wp:term":[{"taxonomy":"category","embeddable":true,"href":"https:\/\/conurbanodiario.com.ar\/index.php?rest_route=%2Fwp%2Fv2%2Fcategories&post=64373"},{"taxonomy":"post_tag","embeddable":true,"href":"https:\/\/conurbanodiario.com.ar\/index.php?rest_route=%2Fwp%2Fv2%2Ftags&post=64373"}],"curies":[{"name":"wp","href":"https:\/\/api.w.org\/{rel}","templated":true}]}}