{"id":6437,"date":"2020-07-21T18:21:37","date_gmt":"2020-07-21T21:21:37","guid":{"rendered":"http:\/\/conurbanodiario.com.ar\/?p=6437"},"modified":"2020-07-22T16:48:42","modified_gmt":"2020-07-22T19:48:42","slug":"berni-dispuso-cambios-en-la-cupula-policial-de-quilmes","status":"publish","type":"post","link":"https:\/\/conurbanodiario.com.ar\/?p=6437","title":{"rendered":"BERNI DISPUSO CAMBIOS EN LA C\u00daPULA POLICIAL DE QUILMES"},"content":{"rendered":"\n<p>El ministro de Seguridad de la provincia de Buenos Aires, Sergio Berni, orden\u00f3 hoy la remoci\u00f3n de las m\u00e1ximas autoridades policiales en Quilmes, ante una \u00abola de delitos\u00bb registrados en ese partido del sur del conurbano bonaerense, entre ellos la muerte de un asaltante por parte de un herrero jubilado que sali\u00f3 a defenderse de un robo, informaron fuentes oficiales.<\/p>\n\n\n\n<p>\u00abEl mi\u00e9rcoles de la semana pasada nos reunimos con la intendenta (de Quilmes, Mayra Mendoza) y analizamos la ola de delitos. Entendimos que (esta ola) ten\u00eda que ver con una mala praxis policial y decidimos cambiar a toda la c\u00fapula y a todos los que vinieron con ella\u00bb, destac\u00f3 el ministro.<\/p>\n\n\n\n<p>Berni realiz\u00f3 estas declaraciones en la sede judicial de Quilmes, donde se reuni\u00f3 con los investigadores judiciales para interiorizarse sobre el caso del herrero Adolfo R\u00edos (71), quien est\u00e1 acusado del homicidio de un delincuente.<\/p>\n\n\n\n<p>El titular de la cartera de Seguridad puso en funciones en las \u00faltimas horas al comisario inspector Ricardo Javier Cusmai al frente de la Estaci\u00f3n Policial de Quilmes, en reemplazo del comisario inspector Javier Gauna.<\/p>\n\n\n\n<p>Adem\u00e1s, el Comando de Patrullas de ese partido del sur del conurbano bonaerense qued\u00f3 a cargo del comisario Eduardo Arancibia, quien reemplaz\u00f3 a Carlos Goyena.<\/p>\n\n\n\n<p>Por \u00faltimo, el comisario Francisco Centuri\u00f3n dej\u00f3 de ser la m\u00e1xima autoridad en el \u00e1rea de Drogas il\u00edcitas, que ahora qued\u00f3 bajo las \u00f3rdenes del comisario Esteban Pino, confirmaron las fuentes.<\/p>\n\n\n\n<p>Seg\u00fan las fuentes, los cambios fueron dispuestos por el Ministerio de Seguridad bonaerense por pedido de la intendenta de Quilmes, Mayra Mendoza.<\/p>\n","protected":false},"excerpt":{"rendered":"<p>El ministro de Seguridad de la provincia de Buenos Aires, Sergio Berni, orden\u00f3 hoy la&#8230;<\/p>\n","protected":false},"author":1,"featured_media":59656,"comment_status":"open","ping_status":"open","sticky":false,"template":"","format":"standard","meta":{"footnotes":""},"categories":[10],"tags":[],"class_list":["post-6437","post","type-post","status-publish","format-standard","has-post-thumbnail","hentry","category-seguridad"],"_links":{"self":[{"href":"https:\/\/conurbanodiario.com.ar\/index.php?rest_route=\/wp\/v2\/posts\/6437","targetHints":{"allow":["GET"]}}],"collection":[{"href":"https:\/\/conurbanodiario.com.ar\/index.php?rest_route=\/wp\/v2\/posts"}],"about":[{"href":"https:\/\/conurbanodiario.com.ar\/index.php?rest_route=\/wp\/v2\/types\/post"}],"author":[{"embeddable":true,"href":"https:\/\/conurbanodiario.com.ar\/index.php?rest_route=\/wp\/v2\/users\/1"}],"replies":[{"embeddable":true,"href":"https:\/\/conurbanodiario.com.ar\/index.php?rest_route=%2Fwp%2Fv2%2Fcomments&post=6437"}],"version-history":[{"count":1,"href":"https:\/\/conurbanodiario.com.ar\/index.php?rest_route=\/wp\/v2\/posts\/6437\/revisions"}],"predecessor-version":[{"id":6439,"href":"https:\/\/conurbanodiario.com.ar\/index.php?rest_route=\/wp\/v2\/posts\/6437\/revisions\/6439"}],"wp:featuredmedia":[{"embeddable":true,"href":"https:\/\/conurbanodiario.com.ar\/index.php?rest_route=\/wp\/v2\/media\/59656"}],"wp:attachment":[{"href":"https:\/\/conurbanodiario.com.ar\/index.php?rest_route=%2Fwp%2Fv2%2Fmedia&parent=6437"}],"wp:term":[{"taxonomy":"category","embeddable":true,"href":"https:\/\/conurbanodiario.com.ar\/index.php?rest_route=%2Fwp%2Fv2%2Fcategories&post=6437"},{"taxonomy":"post_tag","embeddable":true,"href":"https:\/\/conurbanodiario.com.ar\/index.php?rest_route=%2Fwp%2Fv2%2Ftags&post=6437"}],"curies":[{"name":"wp","href":"https:\/\/api.w.org\/{rel}","templated":true}]}}