{"id":64364,"date":"2023-08-11T01:04:00","date_gmt":"2023-08-11T04:04:00","guid":{"rendered":"https:\/\/conurbanodiario.com.ar\/?p=64364"},"modified":"2023-08-20T05:15:31","modified_gmt":"2023-08-20T08:15:31","slug":"se-viene-la-16-feria-nacional-berazategui-artesanias","status":"publish","type":"post","link":"https:\/\/conurbanodiario.com.ar\/?p=64364","title":{"rendered":"SE VIENE LA 16\u00b0 FERIA NACIONAL BERAZATEGUI ARTESAN\u00cdAS"},"content":{"rendered":"\n<p><strong>Desde el jueves 17 y hasta el lunes 21 de agosto, de 15.00 a 21.00, se realizar\u00e1 la 16\u00b0 Feria Nacional Berazategui Artesan\u00edas. Esta comprender\u00e1 el XVI Encuentro Nacional de Artesanos y la XXXI Feria de Maestros y Aprendices. Se desarrollar\u00e1 en el Centro Municipal de Actividades Roberto De Vicenzo, ubicado en calle 18 y 148, con entrada gratuita.<\/strong><\/p>\n\n\n\n<p>Este 2023, la cl\u00e1sica feria de Berazategui -organizada por la Municipalidad, a cargo del intendente Juan Jos\u00e9 Mussi- contar\u00e1 con m\u00e1s de 200 stands y 500 artesanos de todo el pa\u00eds.<\/p>\n\n\n\n<p>All\u00ed, joyeros, marroquineros, alfareros, plateros, talabarteros, cesteros, sogueros, artesanos en vidrio, jugueteros, especialistas en ponchos y cuchilleros, lucir\u00e1n y pondr\u00e1n a la venta sus creaciones durante cinco d\u00edas consecutivos, abierto a todos los vecinos y las vecinas. Tambi\u00e9n, durante el tradicional evento, el p\u00fablico podr\u00e1 disfrutar de demostraciones en vivo de diferentes t\u00e9cnicas artesanales y textiles.<\/p>\n\n\n\n<p>Esta propuesta de la oferta cultural berazateguense es distinguida por el dise\u00f1o, la calidad y la originalidad de sus artesan\u00edas. La exposici\u00f3n fue declarada de Inter\u00e9s Provincial y Municipal, y obtuvo el Sello de Calidad \u201cDirectrices de gesti\u00f3n tur\u00edstica para ferias de artesan\u00edas\u201d entre 2015 y 2017.<\/p>\n\n\n\n<p><strong>Escuela Municipal de Artesan\u00edas<\/strong><\/p>\n\n\n\n<p>La muestra, que la Secretar\u00eda de Cultura y Educaci\u00f3n llevar\u00e1 a cabo por 16\u00b0 vez consecutiva, incluir\u00e1 el XVI Encuentro Nacional de Artesanos y la XXXI Feria de Maestros y Aprendices, donde participar\u00e1n los profesores, las profesoras, alumnos y alumnas de la Escuela Municipal de Artesan\u00edas.<\/p>\n\n\n\n<p>Berazategui tambi\u00e9n es reconocida por contar con este espacio \u00fanico en todo el pa\u00eds, que desde hace m\u00e1s de 30 a\u00f1os capacita a los vecinos y las vecinas en la creaci\u00f3n, realizaci\u00f3n y comercializaci\u00f3n de objetos artesanales. Las clases se dictan en el Complejo Cultural Municipal El Patio (calle 149 e\/ 15 y 15 A). Para m\u00e1s informaci\u00f3n, las y los interesados pueden acercarse de lunes a viernes, de 16.00 a 20.00, o comunicarse al 4356-9200 Int. 2111.<\/p>\n","protected":false},"excerpt":{"rendered":"<p>Desde el jueves 17 y hasta el lunes 21 de agosto, de 15.00 a 21.00,&#8230;<\/p>\n","protected":false},"author":1,"featured_media":59656,"comment_status":"closed","ping_status":"closed","sticky":false,"template":"","format":"standard","meta":{"footnotes":""},"categories":[1,8,3],"tags":[],"class_list":["post-64364","post","type-post","status-publish","format-standard","has-post-thumbnail","hentry","category-noticia-del-dia","category-cultura","category-informacion-general"],"_links":{"self":[{"href":"https:\/\/conurbanodiario.com.ar\/index.php?rest_route=\/wp\/v2\/posts\/64364","targetHints":{"allow":["GET"]}}],"collection":[{"href":"https:\/\/conurbanodiario.com.ar\/index.php?rest_route=\/wp\/v2\/posts"}],"about":[{"href":"https:\/\/conurbanodiario.com.ar\/index.php?rest_route=\/wp\/v2\/types\/post"}],"author":[{"embeddable":true,"href":"https:\/\/conurbanodiario.com.ar\/index.php?rest_route=\/wp\/v2\/users\/1"}],"replies":[{"embeddable":true,"href":"https:\/\/conurbanodiario.com.ar\/index.php?rest_route=%2Fwp%2Fv2%2Fcomments&post=64364"}],"version-history":[{"count":1,"href":"https:\/\/conurbanodiario.com.ar\/index.php?rest_route=\/wp\/v2\/posts\/64364\/revisions"}],"predecessor-version":[{"id":64366,"href":"https:\/\/conurbanodiario.com.ar\/index.php?rest_route=\/wp\/v2\/posts\/64364\/revisions\/64366"}],"wp:featuredmedia":[{"embeddable":true,"href":"https:\/\/conurbanodiario.com.ar\/index.php?rest_route=\/wp\/v2\/media\/59656"}],"wp:attachment":[{"href":"https:\/\/conurbanodiario.com.ar\/index.php?rest_route=%2Fwp%2Fv2%2Fmedia&parent=64364"}],"wp:term":[{"taxonomy":"category","embeddable":true,"href":"https:\/\/conurbanodiario.com.ar\/index.php?rest_route=%2Fwp%2Fv2%2Fcategories&post=64364"},{"taxonomy":"post_tag","embeddable":true,"href":"https:\/\/conurbanodiario.com.ar\/index.php?rest_route=%2Fwp%2Fv2%2Ftags&post=64364"}],"curies":[{"name":"wp","href":"https:\/\/api.w.org\/{rel}","templated":true}]}}