{"id":6431,"date":"2020-07-21T14:18:10","date_gmt":"2020-07-21T17:18:10","guid":{"rendered":"http:\/\/conurbanodiario.com.ar\/?p=6431"},"modified":"2020-07-21T14:18:11","modified_gmt":"2020-07-21T17:18:11","slug":"el-intendente-de-lanus-dio-positivo-de-coronavirus-y-esta-aislado-con-buen-estado-de-salud","status":"publish","type":"post","link":"https:\/\/conurbanodiario.com.ar\/?p=6431","title":{"rendered":"EL INTENDENTE DE LAN\u00daS DIO POSITIVO DE CORONAVIRUS Y EST\u00c1 AISLADO CON BUEN ESTADO DE SALUD"},"content":{"rendered":"\n<p>El intendente de la localidad bonaerense de Lan\u00fas, Nestor Grindetti, fue diagnosticado positivo de coronavirus, se encuentra asintom\u00e1tico y \u00aben buen estado general de salud\u00bb, inform\u00f3 el municipio.<\/p>\n\n\n\n<p>El jefe comunal se hab\u00eda realizado un primer testeo con resultado negativo el jueves pasado, d\u00eda en que se conoci\u00f3 que su pareja -la funcionaria porte\u00f1a Karina Spalla- hab\u00eda confirmado la infecci\u00f3n de coronavirus.<\/p>\n\n\n\n<p>Desde ese d\u00eda, Grindetti se hab\u00eda mantenido en aislamiento y 72 horas despu\u00e9s se realiz\u00f3 una nueva muestra que termin\u00f3 por arrojar resultado positivo.<\/p>\n\n\n\n<p>\u00abEl jefe comunal no presenta s\u00edntomas, no tuvo contactos estrechos en las \u00faltimas 48 horas y se encuentra en buen estado de salud\u00bb, se\u00f1al\u00f3 el comunicado oficial.<\/p>\n\n\n\n<p>En ese sentido, se inform\u00f3 que Grindetti \u00abmantendr\u00e1 aislamiento durante 14 d\u00edas siguiendo las recomendaciones m\u00e9dicas y continuar\u00e1 con sus labores desde su casa de manera virtual\u00bb.<\/p>\n","protected":false},"excerpt":{"rendered":"<p>El intendente de la localidad bonaerense de Lan\u00fas, Nestor Grindetti, fue diagnosticado positivo de coronavirus,&#8230;<\/p>\n","protected":false},"author":1,"featured_media":59656,"comment_status":"open","ping_status":"open","sticky":false,"template":"","format":"standard","meta":{"footnotes":""},"categories":[31],"tags":[],"class_list":["post-6431","post","type-post","status-publish","format-standard","has-post-thumbnail","hentry","category-salud"],"_links":{"self":[{"href":"https:\/\/conurbanodiario.com.ar\/index.php?rest_route=\/wp\/v2\/posts\/6431","targetHints":{"allow":["GET"]}}],"collection":[{"href":"https:\/\/conurbanodiario.com.ar\/index.php?rest_route=\/wp\/v2\/posts"}],"about":[{"href":"https:\/\/conurbanodiario.com.ar\/index.php?rest_route=\/wp\/v2\/types\/post"}],"author":[{"embeddable":true,"href":"https:\/\/conurbanodiario.com.ar\/index.php?rest_route=\/wp\/v2\/users\/1"}],"replies":[{"embeddable":true,"href":"https:\/\/conurbanodiario.com.ar\/index.php?rest_route=%2Fwp%2Fv2%2Fcomments&post=6431"}],"version-history":[{"count":1,"href":"https:\/\/conurbanodiario.com.ar\/index.php?rest_route=\/wp\/v2\/posts\/6431\/revisions"}],"predecessor-version":[{"id":6432,"href":"https:\/\/conurbanodiario.com.ar\/index.php?rest_route=\/wp\/v2\/posts\/6431\/revisions\/6432"}],"wp:featuredmedia":[{"embeddable":true,"href":"https:\/\/conurbanodiario.com.ar\/index.php?rest_route=\/wp\/v2\/media\/59656"}],"wp:attachment":[{"href":"https:\/\/conurbanodiario.com.ar\/index.php?rest_route=%2Fwp%2Fv2%2Fmedia&parent=6431"}],"wp:term":[{"taxonomy":"category","embeddable":true,"href":"https:\/\/conurbanodiario.com.ar\/index.php?rest_route=%2Fwp%2Fv2%2Fcategories&post=6431"},{"taxonomy":"post_tag","embeddable":true,"href":"https:\/\/conurbanodiario.com.ar\/index.php?rest_route=%2Fwp%2Fv2%2Ftags&post=6431"}],"curies":[{"name":"wp","href":"https:\/\/api.w.org\/{rel}","templated":true}]}}