{"id":6428,"date":"2020-07-21T13:44:01","date_gmt":"2020-07-21T16:44:01","guid":{"rendered":"http:\/\/conurbanodiario.com.ar\/?p=6428"},"modified":"2020-07-21T13:44:03","modified_gmt":"2020-07-21T16:44:03","slug":"buscan-intensamente-a-un-abogado-desaparecido-en-quilmes","status":"publish","type":"post","link":"https:\/\/conurbanodiario.com.ar\/?p=6428","title":{"rendered":"BUSCAN INTENSAMENTE A UN ABOGADO DESAPARECIDO EN QUILMES"},"content":{"rendered":"\n<p>Salvador Altamura, de 48 a\u00f1os, abogado y empresario, se encuentra desaparecido desde el 13 de julio seg\u00fan su propia familia, cuando fue visto por \u00faltima vez por las c\u00e1maras de seguridad de su edificio en la calle 25 de Mayo al 200, en el centro de Quilmes Buenos Aires. Su propia familia, ante la falta de respuestas a su tel\u00e9fono, acudi\u00f3 al edificio en busca del video, que mostr\u00f3 sus \u00faltimas im\u00e1genes.<\/p>\n\n\n\n<p>Poco despu\u00e9s, seg\u00fan la familia misma, formularon la denuncia por su desaparici\u00f3n, que de acuerdo a fuentes en los tribunales de la zona se encuentra radicada en la UFI N\u00b01 de Quilmes de Ariel Rivas. La denuncia, seg\u00fan fuentes policiales, fue hecha por su propio padre. El tel\u00e9fono de Altamura, un iPhone 7, habr\u00eda dejado de funcionar poco despu\u00e9s. Su moto habr\u00eda sido robada luego de que apareciera en la villa Itat\u00ed.<\/p>\n\n\n\n<p>La \u00faltima imagen que se tiene de \u00e9l es la captada por la c\u00e1mara de seguridad de su edificio a las 18:06 del lunes 13. Su tel\u00e9fono, un iPhone 7, dej\u00f3 de funcionar minutos despu\u00e9s y no pudo ser rastreado.<\/p>\n\n\n\n<p>\u201cSalvador no anda en nada raro. Hasta ahora parece un hecho de inseguridad. Se robaron una suma importante de dinero. Suponemos que lo han torturado para que diga d\u00f3nde estaba la plata\u201d, coment\u00f3 un miembro de su familia a \u00c1mbito Financiero, suponen un secuestro y robo, aseguran que la caja no fue violentada. \u201cPara abrir la caja se necesita una llave especial y hay una copia que est\u00e1 en el mismo lugar donde la dej\u00f3 mi sobrino\u201d, detall\u00f3 una t\u00eda de Altamura al canal TN.<\/p>\n\n\n\n<p>Sin embargo, la UFESE, el ala de la Procuraci\u00f3n dedicada a investigar secuestros extorsivos, no tiene el expediente en sus manos para investigarlo como tal. Las fuentes consultadas no ratifican como tampoco desmienten de pleno la informaci\u00f3n que provee la familia. Aseguran que Altamura tuvo un \u00faltimo contacto con quien ser\u00eda su novia el mismo 13 de julio y que ese mismo d\u00eda habr\u00eda pasado por \u201cel taller de un amigo\u201d. La b\u00fasqueda est\u00e1 en manos de la Polic\u00eda Bonaerense.<\/p>\n\n\n\n<p>\u201cPor ahora es una averiguaci\u00f3n de paradero\u201d, asegura una fuente del caso: \u201cSe habr\u00eda ido por sus propios medios\u201d. \u201cSe trabajan todas las hip\u00f3tesis, no se confirma ni descarta ninguna\u201d, sostuvo un funcionario judicial.<\/p>\n","protected":false},"excerpt":{"rendered":"<p>Salvador Altamura, de 48 a\u00f1os, abogado y empresario, se encuentra desaparecido desde el 13 de&#8230;<\/p>\n","protected":false},"author":1,"featured_media":59656,"comment_status":"open","ping_status":"open","sticky":false,"template":"","format":"standard","meta":{"footnotes":""},"categories":[10],"tags":[],"class_list":["post-6428","post","type-post","status-publish","format-standard","has-post-thumbnail","hentry","category-seguridad"],"_links":{"self":[{"href":"https:\/\/conurbanodiario.com.ar\/index.php?rest_route=\/wp\/v2\/posts\/6428","targetHints":{"allow":["GET"]}}],"collection":[{"href":"https:\/\/conurbanodiario.com.ar\/index.php?rest_route=\/wp\/v2\/posts"}],"about":[{"href":"https:\/\/conurbanodiario.com.ar\/index.php?rest_route=\/wp\/v2\/types\/post"}],"author":[{"embeddable":true,"href":"https:\/\/conurbanodiario.com.ar\/index.php?rest_route=\/wp\/v2\/users\/1"}],"replies":[{"embeddable":true,"href":"https:\/\/conurbanodiario.com.ar\/index.php?rest_route=%2Fwp%2Fv2%2Fcomments&post=6428"}],"version-history":[{"count":1,"href":"https:\/\/conurbanodiario.com.ar\/index.php?rest_route=\/wp\/v2\/posts\/6428\/revisions"}],"predecessor-version":[{"id":6430,"href":"https:\/\/conurbanodiario.com.ar\/index.php?rest_route=\/wp\/v2\/posts\/6428\/revisions\/6430"}],"wp:featuredmedia":[{"embeddable":true,"href":"https:\/\/conurbanodiario.com.ar\/index.php?rest_route=\/wp\/v2\/media\/59656"}],"wp:attachment":[{"href":"https:\/\/conurbanodiario.com.ar\/index.php?rest_route=%2Fwp%2Fv2%2Fmedia&parent=6428"}],"wp:term":[{"taxonomy":"category","embeddable":true,"href":"https:\/\/conurbanodiario.com.ar\/index.php?rest_route=%2Fwp%2Fv2%2Fcategories&post=6428"},{"taxonomy":"post_tag","embeddable":true,"href":"https:\/\/conurbanodiario.com.ar\/index.php?rest_route=%2Fwp%2Fv2%2Ftags&post=6428"}],"curies":[{"name":"wp","href":"https:\/\/api.w.org\/{rel}","templated":true}]}}