{"id":6425,"date":"2020-07-21T12:58:47","date_gmt":"2020-07-21T15:58:47","guid":{"rendered":"http:\/\/conurbanodiario.com.ar\/?p=6425"},"modified":"2020-08-12T21:55:00","modified_gmt":"2020-08-13T00:55:00","slug":"afirman-que-pese-a-la-suba-de-casos-la-ocupacion-de-camas-se-mantiene-estable-en-buenos-aires","status":"publish","type":"post","link":"https:\/\/conurbanodiario.com.ar\/?p=6425","title":{"rendered":"AFIRMAN QUE, PESE A LA SUBA DE CASOS, LA OCUPACI\u00d3N DE CAMAS SE MANTIENE ESTABLE EN BUENOS AIRES"},"content":{"rendered":"\n<p>La ocupaci\u00f3n de camas de cuidados intensivos, m\u00ednimos y medios de hospitales municipales, provinciales y nacionales del sector p\u00fablico y privado de la provincia de Buenos Aires se mantiene estable a pesar de la suba de casos de coronavirus registrados en las \u00faltimos d\u00edas, inform\u00f3 hoy el Ministerio de Salud bonaerense.<\/p>\n\n\n\n<p>En un informe al que accedi\u00f3 T\u00e9lam, la cartera sanitaria precis\u00f3 que de las 31.342 camas totales que hay en el sector p\u00fablico y privado est\u00e1n ocupadas unas 14.823 (47,26%): 2.276 por Covid-19 confirmado y 2.060 por coronavirus sospechoso.<\/p>\n\n\n\n<p>De las 5.670 camas de cuidados intensivos que hay en toda la provincia, 49,08% est\u00e1n ocupadas; mientras que de las 4.125 de cuidados intermedios est\u00e1 en uso 49,99% y 46,30% de las 21.547 de cuidados m\u00ednimos.<\/p>\n\n\n\n<p>En tanto, en el trabajo se destac\u00f3 que en el \u00c1rea Metropolitana de Buenos Aires (no incluye a la Ciudad Aut\u00f3noma) \u00abla ocupaci\u00f3n en terapias intensivas supera el 60%, pero se mantiene estable en relaci\u00f3n al aumento de casos\u00bb.<\/p>\n\n\n\n<p>As\u00ed, de las 17.095 camas totales que hay en el sector p\u00fablico y privado del conurbano est\u00e1n ocupadas unas 9.839 (57,50%): 1.964 por Covid-19 confirmado y 1.687 por coronavirus sospechoso.<\/p>\n\n\n\n<p>Finalmente, de las 2.783 camas de cuidados intensivos que hay en el Gran Buenos Aires est\u00e1n ocupadas 60,87%; mientras que de las 2.245 de cuidados intermedios est\u00e1 en uso 62,09% y 55,95% de las 12.067 de cuidados m\u00ednimos.<\/p>\n","protected":false},"excerpt":{"rendered":"<p>La ocupaci\u00f3n de camas de cuidados intensivos, m\u00ednimos y medios de hospitales municipales, provinciales y&#8230;<\/p>\n","protected":false},"author":1,"featured_media":59656,"comment_status":"open","ping_status":"open","sticky":false,"template":"","format":"standard","meta":{"footnotes":""},"categories":[28],"tags":[],"class_list":["post-6425","post","type-post","status-publish","format-standard","has-post-thumbnail","hentry","category-la-provincia"],"_links":{"self":[{"href":"https:\/\/conurbanodiario.com.ar\/index.php?rest_route=\/wp\/v2\/posts\/6425","targetHints":{"allow":["GET"]}}],"collection":[{"href":"https:\/\/conurbanodiario.com.ar\/index.php?rest_route=\/wp\/v2\/posts"}],"about":[{"href":"https:\/\/conurbanodiario.com.ar\/index.php?rest_route=\/wp\/v2\/types\/post"}],"author":[{"embeddable":true,"href":"https:\/\/conurbanodiario.com.ar\/index.php?rest_route=\/wp\/v2\/users\/1"}],"replies":[{"embeddable":true,"href":"https:\/\/conurbanodiario.com.ar\/index.php?rest_route=%2Fwp%2Fv2%2Fcomments&post=6425"}],"version-history":[{"count":1,"href":"https:\/\/conurbanodiario.com.ar\/index.php?rest_route=\/wp\/v2\/posts\/6425\/revisions"}],"predecessor-version":[{"id":6427,"href":"https:\/\/conurbanodiario.com.ar\/index.php?rest_route=\/wp\/v2\/posts\/6425\/revisions\/6427"}],"wp:featuredmedia":[{"embeddable":true,"href":"https:\/\/conurbanodiario.com.ar\/index.php?rest_route=\/wp\/v2\/media\/59656"}],"wp:attachment":[{"href":"https:\/\/conurbanodiario.com.ar\/index.php?rest_route=%2Fwp%2Fv2%2Fmedia&parent=6425"}],"wp:term":[{"taxonomy":"category","embeddable":true,"href":"https:\/\/conurbanodiario.com.ar\/index.php?rest_route=%2Fwp%2Fv2%2Fcategories&post=6425"},{"taxonomy":"post_tag","embeddable":true,"href":"https:\/\/conurbanodiario.com.ar\/index.php?rest_route=%2Fwp%2Fv2%2Ftags&post=6425"}],"curies":[{"name":"wp","href":"https:\/\/api.w.org\/{rel}","templated":true}]}}