{"id":6414,"date":"2020-07-21T12:31:26","date_gmt":"2020-07-21T15:31:26","guid":{"rendered":"http:\/\/conurbanodiario.com.ar\/?p=6414"},"modified":"2020-07-21T12:31:27","modified_gmt":"2020-07-21T15:31:27","slug":"el-barrio-cuida-al-barrio-sigue-recorriendo-berazategui","status":"publish","type":"post","link":"https:\/\/conurbanodiario.com.ar\/?p=6414","title":{"rendered":"\u00abEL BARRIO CUIDA AL BARRIO\u00bb SIGUE RECORRIENDO BERAZATEGUI"},"content":{"rendered":"\n<p>La Municipalidad de Berazategui y promotores comunitarios contin\u00faan desarrollando las actividades del Programa \u00abEl Barrio Cuida al Barrio\u00bb, creado por el Ministerio de Desarrollo Social de la Naci\u00f3n para prevenir la propagaci\u00f3n del COVID-19 en el contexto del Aislamiento Social, Preventivo y Obligatorio. Para eso, un equipo toma la temperatura de los vecinos, entrega material informativo sobre las medidas sanitarias y realiza higiene en la v\u00eda p\u00fablica.<\/p>\n\n\n\n<p>Una de las presentes en la jornada fue Alejandra D\u00edaz, concejal del Bloque Justicialista de Berazategui e integrante del Movimiento Evita, que inform\u00f3: \u201cTratamos de organizarnos y poder ir barrio por barrio para hacer alguna recomendaci\u00f3n o despejar las dudas sobre salud e higiene a todos los vecinos\u201d. Y complet\u00f3: \u201cLa idea principal es aplicar de la mejor manera &#8216;El Barrio Cuida al Barrio&#8217;, una estrategia que se dio -desde el Ministerio de Desarrollo Social- debido a la pandemia de COVID-19, y cuidar a los vecinos\u201d.<\/p>\n\n\n\n<p>En cuanto a las actividades que se realizan, D\u00edaz coment\u00f3: \u201cLa metodolog\u00eda del Programa consiste en llegar al barrio al que todav\u00eda el COVID-19 no ha llegado con profundidad, y se les brinda informaci\u00f3n a las vecinas y vecinos que salen a la calle para hacer sus actividades cotidianas. Adem\u00e1s, se les toma la temperatura corporal y se les provee un tapaboca si no tienen. Tambi\u00e9n, se desinfectan las ruedas de los autos y se les brinda a todas y todos folleter\u00eda con informaci\u00f3n sobre la prevenci\u00f3n\u201d.<\/p>\n\n\n\n<p>El \u00abBarrio Cuida al Barrio\u00bb ya se realiz\u00f3 tambi\u00e9n en Asunci\u00f3n, Mosconi, Belgrano, Jacaranda, Kennedy Norte y Kennedy Sur, entre otras zonas del distrito.<\/p>\n","protected":false},"excerpt":{"rendered":"<p>La Municipalidad de Berazategui y promotores comunitarios contin\u00faan desarrollando las actividades del Programa \u00abEl Barrio&#8230;<\/p>\n","protected":false},"author":1,"featured_media":59656,"comment_status":"open","ping_status":"open","sticky":false,"template":"","format":"standard","meta":{"footnotes":""},"categories":[31],"tags":[],"class_list":["post-6414","post","type-post","status-publish","format-standard","has-post-thumbnail","hentry","category-salud"],"_links":{"self":[{"href":"https:\/\/conurbanodiario.com.ar\/index.php?rest_route=\/wp\/v2\/posts\/6414","targetHints":{"allow":["GET"]}}],"collection":[{"href":"https:\/\/conurbanodiario.com.ar\/index.php?rest_route=\/wp\/v2\/posts"}],"about":[{"href":"https:\/\/conurbanodiario.com.ar\/index.php?rest_route=\/wp\/v2\/types\/post"}],"author":[{"embeddable":true,"href":"https:\/\/conurbanodiario.com.ar\/index.php?rest_route=\/wp\/v2\/users\/1"}],"replies":[{"embeddable":true,"href":"https:\/\/conurbanodiario.com.ar\/index.php?rest_route=%2Fwp%2Fv2%2Fcomments&post=6414"}],"version-history":[{"count":1,"href":"https:\/\/conurbanodiario.com.ar\/index.php?rest_route=\/wp\/v2\/posts\/6414\/revisions"}],"predecessor-version":[{"id":6416,"href":"https:\/\/conurbanodiario.com.ar\/index.php?rest_route=\/wp\/v2\/posts\/6414\/revisions\/6416"}],"wp:featuredmedia":[{"embeddable":true,"href":"https:\/\/conurbanodiario.com.ar\/index.php?rest_route=\/wp\/v2\/media\/59656"}],"wp:attachment":[{"href":"https:\/\/conurbanodiario.com.ar\/index.php?rest_route=%2Fwp%2Fv2%2Fmedia&parent=6414"}],"wp:term":[{"taxonomy":"category","embeddable":true,"href":"https:\/\/conurbanodiario.com.ar\/index.php?rest_route=%2Fwp%2Fv2%2Fcategories&post=6414"},{"taxonomy":"post_tag","embeddable":true,"href":"https:\/\/conurbanodiario.com.ar\/index.php?rest_route=%2Fwp%2Fv2%2Ftags&post=6414"}],"curies":[{"name":"wp","href":"https:\/\/api.w.org\/{rel}","templated":true}]}}