{"id":6411,"date":"2020-07-21T12:00:12","date_gmt":"2020-07-21T15:00:12","guid":{"rendered":"http:\/\/conurbanodiario.com.ar\/?p=6411"},"modified":"2020-07-21T12:28:05","modified_gmt":"2020-07-21T15:28:05","slug":"6411","status":"publish","type":"post","link":"https:\/\/conurbanodiario.com.ar\/?p=6411","title":{"rendered":"APRESAN A UN POLIC\u00cdA POR MATAR DE UN TIRO EN LA ESPALDA A SUPUESTO LADR\u00d3N"},"content":{"rendered":"\n<p>Un capit\u00e1n de la Polic\u00eda Bonaerense se encuentra detenido acusado de matar de un tiro por espalda a un presunto delincuente que lo asalt\u00f3 con un arma de utiler\u00eda, junto a un c\u00f3mplice que logr\u00f3 escapar, en la localidad bonaerense de Villa Albertina, partido e Lomas de Zamora, informaron hoy fuentes judiciales.<\/p>\n\n\n\n<p>El hecho, que fue dado a conocer hoy, ocurri\u00f3 el domingo \u00faltimo, cuando el polic\u00eda vestido de civil estaba en la parada de colectivos ubicada en Homero y Elcano, en Villa Albertina, donde esperaba un transporte para dirigirse a Puente de La Noria y, desde ah\u00ed, a su trabajo en San Isidro.<\/p>\n\n\n\n<p>De acuerdo a la pesquisa, el efectivo fue abordado por dos delincuentes con fines de robo, uno de los cuales le puso un arma de fuego en la cabeza y le exigi\u00f3 que entregara su mochila.<\/p>\n\n\n\n<p>Si bien el capit\u00e1n se la dio, los delincuentes regresaron sobre sus pasos para robarle su tel\u00e9fono celular, momento en que el polic\u00eda se identific\u00f3, extrajo un arma que ten\u00eda en su cintura y dispar\u00f3.<\/p>\n\n\n\n<p>Uno de los delincuentes recibi\u00f3 un impacto en la espalda y fue hallado muerto a 100 metros del lugar, dijeron las fuentes.<\/p>\n\n\n\n<p>La fiscal Silvina Est\u00e9vez, de la UFI 4 de Lomas de Zamora, a cargo de caso investiga se el polic\u00eda actu\u00f3 en exceso de leg\u00edtima defensa, ya que el presunto asaltante ten\u00eda un balazo en la espalda.<\/p>\n\n\n\n<p>Para determinar esa circunstancia, Est\u00e9vez aguarda los resultados complementarios de las pericias y el resultado final de la autopsia del fallecido.<\/p>\n\n\n\n<p>Los voceros dijeron que por el momento no se acredit\u00f3 que haya habido un tiroteo, ya que el arma de los supuestos delincuentes era de utiler\u00eda.<\/p>\n\n\n\n<p>Por tal motivo, la fiscal solicit\u00f3 al juez de garant\u00edas Gabriel Vitale que por el momento el polic\u00eda permanezca en calidad de detenido.<\/p>\n","protected":false},"excerpt":{"rendered":"<p>Un capit\u00e1n de la Polic\u00eda Bonaerense se encuentra detenido acusado de matar de un tiro&#8230;<\/p>\n","protected":false},"author":1,"featured_media":59656,"comment_status":"open","ping_status":"open","sticky":false,"template":"","format":"standard","meta":{"footnotes":""},"categories":[10],"tags":[],"class_list":["post-6411","post","type-post","status-publish","format-standard","has-post-thumbnail","hentry","category-seguridad"],"_links":{"self":[{"href":"https:\/\/conurbanodiario.com.ar\/index.php?rest_route=\/wp\/v2\/posts\/6411","targetHints":{"allow":["GET"]}}],"collection":[{"href":"https:\/\/conurbanodiario.com.ar\/index.php?rest_route=\/wp\/v2\/posts"}],"about":[{"href":"https:\/\/conurbanodiario.com.ar\/index.php?rest_route=\/wp\/v2\/types\/post"}],"author":[{"embeddable":true,"href":"https:\/\/conurbanodiario.com.ar\/index.php?rest_route=\/wp\/v2\/users\/1"}],"replies":[{"embeddable":true,"href":"https:\/\/conurbanodiario.com.ar\/index.php?rest_route=%2Fwp%2Fv2%2Fcomments&post=6411"}],"version-history":[{"count":2,"href":"https:\/\/conurbanodiario.com.ar\/index.php?rest_route=\/wp\/v2\/posts\/6411\/revisions"}],"predecessor-version":[{"id":6413,"href":"https:\/\/conurbanodiario.com.ar\/index.php?rest_route=\/wp\/v2\/posts\/6411\/revisions\/6413"}],"wp:featuredmedia":[{"embeddable":true,"href":"https:\/\/conurbanodiario.com.ar\/index.php?rest_route=\/wp\/v2\/media\/59656"}],"wp:attachment":[{"href":"https:\/\/conurbanodiario.com.ar\/index.php?rest_route=%2Fwp%2Fv2%2Fmedia&parent=6411"}],"wp:term":[{"taxonomy":"category","embeddable":true,"href":"https:\/\/conurbanodiario.com.ar\/index.php?rest_route=%2Fwp%2Fv2%2Fcategories&post=6411"},{"taxonomy":"post_tag","embeddable":true,"href":"https:\/\/conurbanodiario.com.ar\/index.php?rest_route=%2Fwp%2Fv2%2Ftags&post=6411"}],"curies":[{"name":"wp","href":"https:\/\/api.w.org\/{rel}","templated":true}]}}