{"id":6408,"date":"2020-07-21T11:54:56","date_gmt":"2020-07-21T14:54:56","guid":{"rendered":"http:\/\/conurbanodiario.com.ar\/?p=6408"},"modified":"2020-07-21T11:54:57","modified_gmt":"2020-07-21T14:54:57","slug":"la-provincia-de-buenos-aires-invertira-mas-de-600-000-millones-para-la-obra-hidrica","status":"publish","type":"post","link":"https:\/\/conurbanodiario.com.ar\/?p=6408","title":{"rendered":"LA PROVINCIA DE BUENOS AIRES INVERTIR\u00c1 M\u00c1S DE $ 600.000 MILLONES PARA LA OBRA H\u00cdDRICA"},"content":{"rendered":"\n<p>El subsecretario de Recursos H\u00eddricos bonaerense, Guillermo Jelinski, afirm\u00f3 hoy que la provincia invertir\u00e1 en infraestructura $ 600.000 millones en cinco a\u00f1os, en el marco de la puesta en marcha del Plan Quinquenal.<\/p>\n\n\n\n<p>En declaraciones formuladas a radio Provincia, el funcionario dijo que \u00abla intenci\u00f3n es llegar a todos los bonaerenses con un recurso primario como es el agua\u00bb.<\/p>\n\n\n\n<p>\u00abApuntamos a todos los municipios porque para nosotros no hay ciudades chicas: todos tienen que ser evaluados y se atender\u00e1 la situaci\u00f3n en funci\u00f3n de las necesidades de cada lugar\u00bb, indic\u00f3 el funcionario.<\/p>\n\n\n\n<p>En ese sentido, detall\u00f3 que \u201casumimos con m\u00e1s de 250 obras paradas, nos pusimos en marcha para reactivarlas y adem\u00e1s levantar los cr\u00e9ditos que se estaban cayendo para poder invertir\u201d.<\/p>\n\n\n\n<p>\u201cSe cerr\u00f3 financiamiento con el Banco de Desarrollo para Am\u00e9rica Latina para mejorar el sistema de agua potable en el conurbano, gran La Plata y Bah\u00eda Blanca y 9 localidades aleda\u00f1as, con reparaciones y nuevos acueductos y plantas depuradoras\u201d, puntualiz\u00f3.<\/p>\n\n\n\n<p>Jelinski a\u00f1adi\u00f3 que \u201cya se adjudicaron obras para el r\u00edo Luj\u00e1n, al tiempo que est\u00e1 en proceso de licitaci\u00f3n las tareas en el Reconquista, que financiar\u00e1 el Banco Interamericano de Desarrollo (BID)\u201d.<\/p>\n\n\n\n<p>As\u00ed, destac\u00f3 la importancia de \u201cla puesta en marcha del Sistema de Recolecci\u00f3n de Datos meteorol\u00f3gicos a partir de la cuenca del Salado, Reconquista y Luj\u00e1n pero la idea es ponerlo en toda la Provincia para tener un sistema extenso de alerta temprana\u201d.<\/p>\n","protected":false},"excerpt":{"rendered":"<p>El subsecretario de Recursos H\u00eddricos bonaerense, Guillermo Jelinski, afirm\u00f3 hoy que la provincia invertir\u00e1 en&#8230;<\/p>\n","protected":false},"author":1,"featured_media":59656,"comment_status":"open","ping_status":"open","sticky":false,"template":"","format":"standard","meta":{"footnotes":""},"categories":[28],"tags":[],"class_list":["post-6408","post","type-post","status-publish","format-standard","has-post-thumbnail","hentry","category-la-provincia"],"_links":{"self":[{"href":"https:\/\/conurbanodiario.com.ar\/index.php?rest_route=\/wp\/v2\/posts\/6408","targetHints":{"allow":["GET"]}}],"collection":[{"href":"https:\/\/conurbanodiario.com.ar\/index.php?rest_route=\/wp\/v2\/posts"}],"about":[{"href":"https:\/\/conurbanodiario.com.ar\/index.php?rest_route=\/wp\/v2\/types\/post"}],"author":[{"embeddable":true,"href":"https:\/\/conurbanodiario.com.ar\/index.php?rest_route=\/wp\/v2\/users\/1"}],"replies":[{"embeddable":true,"href":"https:\/\/conurbanodiario.com.ar\/index.php?rest_route=%2Fwp%2Fv2%2Fcomments&post=6408"}],"version-history":[{"count":1,"href":"https:\/\/conurbanodiario.com.ar\/index.php?rest_route=\/wp\/v2\/posts\/6408\/revisions"}],"predecessor-version":[{"id":6410,"href":"https:\/\/conurbanodiario.com.ar\/index.php?rest_route=\/wp\/v2\/posts\/6408\/revisions\/6410"}],"wp:featuredmedia":[{"embeddable":true,"href":"https:\/\/conurbanodiario.com.ar\/index.php?rest_route=\/wp\/v2\/media\/59656"}],"wp:attachment":[{"href":"https:\/\/conurbanodiario.com.ar\/index.php?rest_route=%2Fwp%2Fv2%2Fmedia&parent=6408"}],"wp:term":[{"taxonomy":"category","embeddable":true,"href":"https:\/\/conurbanodiario.com.ar\/index.php?rest_route=%2Fwp%2Fv2%2Fcategories&post=6408"},{"taxonomy":"post_tag","embeddable":true,"href":"https:\/\/conurbanodiario.com.ar\/index.php?rest_route=%2Fwp%2Fv2%2Ftags&post=6408"}],"curies":[{"name":"wp","href":"https:\/\/api.w.org\/{rel}","templated":true}]}}