{"id":6406,"date":"2020-07-21T11:39:11","date_gmt":"2020-07-21T14:39:11","guid":{"rendered":"http:\/\/conurbanodiario.com.ar\/?p=6406"},"modified":"2020-08-12T21:54:55","modified_gmt":"2020-08-13T00:54:55","slug":"edesur-atribuye-los-apagones-a-un-estres-extraordinario-en-la-red-electrica","status":"publish","type":"post","link":"https:\/\/conurbanodiario.com.ar\/?p=6406","title":{"rendered":"EDESUR ATRIBUYE LOS APAGONES A UN \u201cESTR\u00c9S EXTRAORDINARIO\u201d EN LA RED EL\u00c9CTRICA"},"content":{"rendered":"\n<p>La distribuidora de electricidad Edesur, que presta el servicio en la zona sur del \u00c1rea Metropolitana de Buenos Aires (AMBA), atribuy\u00f3 hoy los recientes apagones en distintos distritos a un \u201cest\u00e9s extraordinario\u201d en la red, en respuesta a las cr\u00edticas formuladas por intendentes y otras autoridades bonaerenses, que llegaron a reclamar el retiro de la concesi\u00f3n.<\/p>\n\n\n\n<p>\u201cNuestra misi\u00f3n, hoy m\u00e1s que nunca, es brindar un servicio esencial y estamos dedicando todos nuestros esfuerzos para que sea mejor cada d\u00eda\u201d, mientras \u201ccomo todos, estamos atravesando una crisis sanitaria sin precedentes\u201d, se\u00f1al\u00f3 la compa\u00f1\u00eda en un comunicado.<\/p>\n\n\n\n<p>Edesur explic\u00f3 que \u201cel aislamiento sanitario ha concentrado el uso de la energ\u00eda el\u00e9ctrica en horas y lugares distintos a lo que ocurre normalmente y esta situaci\u00f3n ha generado un estr\u00e9s extraordinario en la red el\u00e9ctrica, que estamos enfrentando con la m\u00e1xima seriedad\u201d.<\/p>\n\n\n\n<p>La empresa record\u00f3 que desde 2016 \u201chemos logrado reducir la duraci\u00f3n de los cortes en un 40%\u201d, y replic\u00f3 a las autoridades comunales al asegurar que \u201chemos realizado inversiones de US$ 720 millones en los \u00faltimos tres a\u00f1os\u201d.<\/p>\n\n\n\n<p>El comunicado agreg\u00f3 que la mejora en el servicio el\u00e9ctrico \u201ces un hecho, certificado y publicado\u201d por el Ente Nacional Regulador de la Electricidad (ENRE) en su sitio web.<\/p>\n\n\n\n<p>En particular, se menciona en la provincia de Buenos Aires la repotenciaci\u00f3n de 10 subestaciones, 359 centros de transformaci\u00f3n, 1.032 telemandos y la renovaci\u00f3n de 1.100 kil\u00f3metros de red, lo cual benefici\u00f3 \u201ca la gran mayor\u00eda de nuestros clientes\u201d.<\/p>\n\n\n\n<p>No obstante, admiti\u00f3 Edesur, \u201csabemos que a\u00fan no hemos llegado a cada uno de los barrios y seguimos trabajando a diario para hacerlo\u201d.<\/p>\n\n\n\n<p>\u201cTodos nuestros ingresos y ganancias los hemos reinvertido para acelerar este proceso de mejora, aportando recursos extraordinarios en los a\u00f1os de adversidad macroecon\u00f3mica, como en 2019 con US$ 100 millones financiados por nuestro accionista (el grupo italiano) ENEL\u201d, argument\u00f3 el comunicado.<\/p>\n\n\n\n<p>En respaldo de esas afirmaciones sugiri\u00f3 verificar los datos elevados a la Comisi\u00f3n Nacional de Valores, donde se encuentran los estados financieros auditados y certificados de la empresa.<\/p>\n\n\n\n<p>\u201cCon total transparencia, -agreg\u00f3 Edesur-, desde nuestro sitio web abrimos la informaci\u00f3n en cada partido (bonaerense) para que las vecinas y vecinos conozcan c\u00f3mo se invierten los fondos recaudados a trav\u00e9s de sus facturas\u201d.<\/p>\n\n\n\n<p>La empresa puntualiz\u00f3 que de cada $100 que se cobran, solamente $34 est\u00e1n a disposici\u00f3n de Edesur despu\u00e9s de los impuestos y la compra de energ\u00eda.<\/p>\n\n\n\n<p>La compa\u00f1\u00eda reiter\u00f3 por \u00faltimo su \u201cvocaci\u00f3n de servicio\u201d, y afirm\u00f3 que continuar\u00e1 realizando \u201csu m\u00e1ximo esfuerzo\u201d para mejorarlo.<\/p>\n","protected":false},"excerpt":{"rendered":"<p>La distribuidora de electricidad Edesur, que presta el servicio en la zona sur del \u00c1rea&#8230;<\/p>\n","protected":false},"author":1,"featured_media":59656,"comment_status":"open","ping_status":"open","sticky":false,"template":"","format":"standard","meta":{"footnotes":""},"categories":[28],"tags":[],"class_list":["post-6406","post","type-post","status-publish","format-standard","has-post-thumbnail","hentry","category-la-provincia"],"_links":{"self":[{"href":"https:\/\/conurbanodiario.com.ar\/index.php?rest_route=\/wp\/v2\/posts\/6406","targetHints":{"allow":["GET"]}}],"collection":[{"href":"https:\/\/conurbanodiario.com.ar\/index.php?rest_route=\/wp\/v2\/posts"}],"about":[{"href":"https:\/\/conurbanodiario.com.ar\/index.php?rest_route=\/wp\/v2\/types\/post"}],"author":[{"embeddable":true,"href":"https:\/\/conurbanodiario.com.ar\/index.php?rest_route=\/wp\/v2\/users\/1"}],"replies":[{"embeddable":true,"href":"https:\/\/conurbanodiario.com.ar\/index.php?rest_route=%2Fwp%2Fv2%2Fcomments&post=6406"}],"version-history":[{"count":1,"href":"https:\/\/conurbanodiario.com.ar\/index.php?rest_route=\/wp\/v2\/posts\/6406\/revisions"}],"predecessor-version":[{"id":6407,"href":"https:\/\/conurbanodiario.com.ar\/index.php?rest_route=\/wp\/v2\/posts\/6406\/revisions\/6407"}],"wp:featuredmedia":[{"embeddable":true,"href":"https:\/\/conurbanodiario.com.ar\/index.php?rest_route=\/wp\/v2\/media\/59656"}],"wp:attachment":[{"href":"https:\/\/conurbanodiario.com.ar\/index.php?rest_route=%2Fwp%2Fv2%2Fmedia&parent=6406"}],"wp:term":[{"taxonomy":"category","embeddable":true,"href":"https:\/\/conurbanodiario.com.ar\/index.php?rest_route=%2Fwp%2Fv2%2Fcategories&post=6406"},{"taxonomy":"post_tag","embeddable":true,"href":"https:\/\/conurbanodiario.com.ar\/index.php?rest_route=%2Fwp%2Fv2%2Ftags&post=6406"}],"curies":[{"name":"wp","href":"https:\/\/api.w.org\/{rel}","templated":true}]}}