{"id":64014,"date":"2023-08-14T01:08:00","date_gmt":"2023-08-14T04:08:00","guid":{"rendered":"https:\/\/conurbanodiario.com.ar\/?p=64014"},"modified":"2023-08-20T05:15:31","modified_gmt":"2023-08-20T08:15:31","slug":"varela-sexta-edicion-de-la-expo-joven","status":"publish","type":"post","link":"https:\/\/conurbanodiario.com.ar\/?p=64014","title":{"rendered":"VARELA: SEXTA EDICI\u00d3N DE LA EXPO JOVEN"},"content":{"rendered":"\n<p>La Comuna prepara una nueva entrega del encuentro pedag\u00f3gico con presencia de universidades, establecimientos de formaci\u00f3n superior m\u00e1s iniciativas municipales que exhibir\u00e1n sus contenidos y programas tanto el martes 15 como el mi\u00e9rcoles 16 de agosto desde las 10 hasta las 17 hs. en el Instituto \u201cSanta Luc\u00eda\u201d, ubicado en Av. Eva Per\u00f3n N\u00ba3750, Villa Vatteone.<\/p>\n\n\n\n<p>La secretaria de Educaci\u00f3n -Andrea Digiobani- resalta la \u201cimportancia de acompa\u00f1ar a los y las j\u00f3venes en sus trayectorias\u201d. \u201cFundamental guiarlos hacia una elecci\u00f3n acertada, acorde a sus gustos, para que sean felices con la decisi\u00f3n que tomen ya que ello contribuye a instruir personas con gran autoestima\u201d, enfatiza.<\/p>\n\n\n\n<p>\u201cContar\u00e1n con variada informaci\u00f3n acerca de diversas propuestas, Casas de Altos Estudios u oficios\u201d, detalla la funcionaria quien, para cerrar, asegura: \u201cCon esta pol\u00edtica p\u00fablica, el intendente Andr\u00e9s Watson pone en valor y reafirma como pilar de su gesti\u00f3n a la ense\u00f1anza\u201d.<\/p>\n\n\n\n<p>Durante la \u00faltima edici\u00f3n, realizada en la escuela \u201cNuestra Se\u00f1ora del Sagrado Coraz\u00f3n\u201d, Luc\u00eda C\u00e1mara -estudiante de 6to a\u00f1o- atraviesa la evaluaci\u00f3n de orientaci\u00f3n profesional en uno de los stands. La alumna del colegio \u201cSan Francisco de As\u00eds\u201d comenta: \u201cTengo una mayor inclinaci\u00f3n por la educaci\u00f3n f\u00edsica, aunque considero abogac\u00eda y salud\u201d. \u201cMe parece una idea genial para conocer otras alternativas y abrir mi mente\u201d, sentencia.<\/p>\n\n\n\n<p>Por su parte, Brian G\u00f3mez -cursante en el Profesorado de Inform\u00e1tica- acude con el objetivo de \u201crecabar datos e inscribirme en alguna otra capacitaci\u00f3n\u201d. \u201cAl terminar el secundario, me cuesta saber qu\u00e9 camino seguir\u201d, confiesa el muchacho que destaca \u201cla chance de venir a un lugar como este para descubrir m\u00e1s variantes\u201d.<\/p>\n","protected":false},"excerpt":{"rendered":"<p>La Comuna prepara una nueva entrega del encuentro pedag\u00f3gico con presencia de universidades, establecimientos de&#8230;<\/p>\n","protected":false},"author":1,"featured_media":59656,"comment_status":"closed","ping_status":"closed","sticky":false,"template":"","format":"standard","meta":{"footnotes":""},"categories":[3],"tags":[],"class_list":["post-64014","post","type-post","status-publish","format-standard","has-post-thumbnail","hentry","category-informacion-general"],"_links":{"self":[{"href":"https:\/\/conurbanodiario.com.ar\/index.php?rest_route=\/wp\/v2\/posts\/64014","targetHints":{"allow":["GET"]}}],"collection":[{"href":"https:\/\/conurbanodiario.com.ar\/index.php?rest_route=\/wp\/v2\/posts"}],"about":[{"href":"https:\/\/conurbanodiario.com.ar\/index.php?rest_route=\/wp\/v2\/types\/post"}],"author":[{"embeddable":true,"href":"https:\/\/conurbanodiario.com.ar\/index.php?rest_route=\/wp\/v2\/users\/1"}],"replies":[{"embeddable":true,"href":"https:\/\/conurbanodiario.com.ar\/index.php?rest_route=%2Fwp%2Fv2%2Fcomments&post=64014"}],"version-history":[{"count":1,"href":"https:\/\/conurbanodiario.com.ar\/index.php?rest_route=\/wp\/v2\/posts\/64014\/revisions"}],"predecessor-version":[{"id":64016,"href":"https:\/\/conurbanodiario.com.ar\/index.php?rest_route=\/wp\/v2\/posts\/64014\/revisions\/64016"}],"wp:featuredmedia":[{"embeddable":true,"href":"https:\/\/conurbanodiario.com.ar\/index.php?rest_route=\/wp\/v2\/media\/59656"}],"wp:attachment":[{"href":"https:\/\/conurbanodiario.com.ar\/index.php?rest_route=%2Fwp%2Fv2%2Fmedia&parent=64014"}],"wp:term":[{"taxonomy":"category","embeddable":true,"href":"https:\/\/conurbanodiario.com.ar\/index.php?rest_route=%2Fwp%2Fv2%2Fcategories&post=64014"},{"taxonomy":"post_tag","embeddable":true,"href":"https:\/\/conurbanodiario.com.ar\/index.php?rest_route=%2Fwp%2Fv2%2Ftags&post=64014"}],"curies":[{"name":"wp","href":"https:\/\/api.w.org\/{rel}","templated":true}]}}