{"id":6398,"date":"2020-07-21T10:53:50","date_gmt":"2020-07-21T13:53:50","guid":{"rendered":"http:\/\/conurbanodiario.com.ar\/?p=6398"},"modified":"2020-07-22T14:50:37","modified_gmt":"2020-07-22T17:50:37","slug":"para-berni-el-jubilado-que-mato-al-ladron-actuo-en-legitima-defensa","status":"publish","type":"post","link":"https:\/\/conurbanodiario.com.ar\/?p=6398","title":{"rendered":"PARA BERNI, EL JUBILADO QUE MAT\u00d3 AL LADR\u00d3N ACTU\u00d3 EN \u00abLEG\u00cdTIMA DEFENSA\u00bb"},"content":{"rendered":"\n<p>El ministro de Seguridad de Buenos Aires, Sergio Berni, consider\u00f3 hoy que el jubilado de 71 a\u00f1os que mat\u00f3 de un balazo a uno de los delincuentes que entr\u00f3 a robar a su casa de Quilmes actu\u00f3 en \u201cleg\u00edtima defensa\u201d y cuestion\u00f3 el accionar de la Justicia en el tratamiento de estos casos.<\/p>\n\n\n\n<p>\u201cNo se levant\u00f3 con la intenci\u00f3n de da\u00f1ar a nadie y fue agredido por cinco delincuentes\u201d, dijo esta ma\u00f1ana Berni a Radio Cadena 3, al referirse al episodio que involucr\u00f3 al herrero Adolfo R\u00edos, de 71 a\u00f1os, quien ayer fue beneficiado con arresto domiciliario aunque est\u00e1 imputado por homicidio agravado.<\/p>\n\n\n\n<p>El ministro reproch\u00f3 el tratamiento judicial a estos casos, al sostener hay \u201cuna crisis de justicia muy importante que tiene que ver con liberar a los presos\u201d.<\/p>\n\n\n\n<p>\u201cCuando se libera a un delincuente se sabe lo que pasa. Hay un hartazgo en la sociedad por la inacci\u00f3n de la Justicia que ve que se cuidan los derechos de los delincuentes y no los de ellos\u201d, manifest\u00f3 Berni.<\/p>\n\n\n\n<p>En este sentido, consider\u00f3 que \u201cla Justicia es lerda y perezosa, que reacciona m\u00e1s a los comentarios de la vida mundana que a los principios de la justicia; por eso no funciona\u201d.<\/p>\n\n\n\n<p>\u201cA cada acci\u00f3n le corresponde una reacci\u00f3n, y la acci\u00f3n deliberada de no impartir justicia est\u00e1 llevando a una reacci\u00f3n de la ciudadan\u00eda que no es buena y no es el camino al que debemos apuntar\u201d, remarc\u00f3 el titular de la cartera de Seguridad bonaerense.<\/p>\n\n\n\n<p>\u201cEl gran desaf\u00edo es ver c\u00f3mo lo reformamos y c\u00f3mo hacemos que funcione el sistema judicial, que parece que est\u00e1 m\u00e1s interesado en defender los derechos delos ladrones que de los ciudadanos\u201d, enfatiz\u00f3.<\/p>\n\n\n\n<p>En esa l\u00ednea, Berni tambi\u00e9n afirm\u00f3 que hay \u201cuna falta de respeto hacia las fuerzas\u201d y que esa situaci\u00f3n hace que \u201cla polic\u00eda no se quiere arriesgar para no meterse en problemas\u201d.<\/p>\n\n\n\n<p>\u201cSi un polic\u00eda ve un robo, interfiere y despu\u00e9s le dicen que hizo abuso de la fuerza, obvio que despu\u00e9s se da la vuelta y se va. Para que eso no suceda los polic\u00edas tienen que tener una vocaci\u00f3n de servicio\u201d y el respaldo del Poder Judicial, plante\u00f3 el funcionario.<\/p>\n\n\n\n<p>Al referirse a los episodios de inseguridad en la provincia de Buenos Aires, dijo que se observa que se empieza a repetir un fen\u00f3meno, que consiste en que los delitos son cometidos por personas cada vez m\u00e1s j\u00f3venes, sin antecedentes y de manera muy desorganizada, y manifest\u00f3 que es necesario \u201cun mayor esfuerzo\u201d para \u201caumentar la calidad del sistema de seguridad\u201d.<\/p>\n\n\n\n<p>R\u00edos fue beneficiado ayer a la tarde con un arresto domiciliario por el juez de Garant\u00edas 2 quilme\u00f1o, Mart\u00edn Nolfi, luego de permanecer detenido desde el viernes, cuando sucedi\u00f3 el hecho.<\/p>\n\n\n\n<p>Seg\u00fan indic\u00f3 a T\u00e9lam el abogado Hugo Icazati, el magistrado le concedi\u00f3 el beneficio bajo juramento de presentarse ante el juzgado cada vez que se lo requiera, por lo que el herrero no tendr\u00e1 que utilizar una tobillera electr\u00f3nica.<\/p>\n\n\n\n<p>Esta ma\u00f1ana, una de las hijas del herrero dijo que al Am\u00e9rica 24 que su pap\u00e1 est\u00e1 \u201ctodav\u00eda en estado se shock\u201d, que cada vez que habla \u201cse quiebra\u201d y que est\u00e1n preocupados por su salud, ya que le funciona \u201cun solo ri\u00f1\u00f3n\u201d.<\/p>\n\n\n\n<p>La mujer adelant\u00f3 adem\u00e1s que pondr\u00e1n en venta la casa, que esta ma\u00f1ana estaba bajo custodia policial.<\/p>\n\n\n\n<p>El hecho ocurri\u00f3 el viernes cerca de las 5, cuando los ladrones ingresaron a robar a la vivienda de R\u00edos, ubicada Ayolas al 2700, en Quilmes Oeste.<\/p>\n\n\n\n<p>El jubilado fue sorprendido mientras dorm\u00eda y fue golpeado e intimidado por los asaltantes con un destornillador mientras le exig\u00edan dinero, y en ese momento extrajo una pistola Bersa Thunder calibre 9 mil\u00edmetros de su propiedad y les efectu\u00f3 al menos seis disparos que los hizo huir de inmediato.<\/p>\n\n\n\n<p>En las im\u00e1genes de las c\u00e1maras de seguridad se ve a uno de los ladrones, de 26 a\u00f1os, que se encontraba desarmado, forceje\u00f3 con R\u00edos cuando el hombre se dirigi\u00f3 hacia \u00e9l portando el arma de fuego hasta que en un momento dej\u00f3 de moverse, por lo que los investigadores creen que ese fue el momento en que le dispar\u00f3 en el t\u00f3rax.<\/p>\n","protected":false},"excerpt":{"rendered":"<p>El ministro de Seguridad de Buenos Aires, Sergio Berni, consider\u00f3 hoy que el jubilado de&#8230;<\/p>\n","protected":false},"author":1,"featured_media":59656,"comment_status":"open","ping_status":"open","sticky":false,"template":"","format":"standard","meta":{"footnotes":""},"categories":[10],"tags":[],"class_list":["post-6398","post","type-post","status-publish","format-standard","has-post-thumbnail","hentry","category-seguridad"],"_links":{"self":[{"href":"https:\/\/conurbanodiario.com.ar\/index.php?rest_route=\/wp\/v2\/posts\/6398","targetHints":{"allow":["GET"]}}],"collection":[{"href":"https:\/\/conurbanodiario.com.ar\/index.php?rest_route=\/wp\/v2\/posts"}],"about":[{"href":"https:\/\/conurbanodiario.com.ar\/index.php?rest_route=\/wp\/v2\/types\/post"}],"author":[{"embeddable":true,"href":"https:\/\/conurbanodiario.com.ar\/index.php?rest_route=\/wp\/v2\/users\/1"}],"replies":[{"embeddable":true,"href":"https:\/\/conurbanodiario.com.ar\/index.php?rest_route=%2Fwp%2Fv2%2Fcomments&post=6398"}],"version-history":[{"count":1,"href":"https:\/\/conurbanodiario.com.ar\/index.php?rest_route=\/wp\/v2\/posts\/6398\/revisions"}],"predecessor-version":[{"id":6399,"href":"https:\/\/conurbanodiario.com.ar\/index.php?rest_route=\/wp\/v2\/posts\/6398\/revisions\/6399"}],"wp:featuredmedia":[{"embeddable":true,"href":"https:\/\/conurbanodiario.com.ar\/index.php?rest_route=\/wp\/v2\/media\/59656"}],"wp:attachment":[{"href":"https:\/\/conurbanodiario.com.ar\/index.php?rest_route=%2Fwp%2Fv2%2Fmedia&parent=6398"}],"wp:term":[{"taxonomy":"category","embeddable":true,"href":"https:\/\/conurbanodiario.com.ar\/index.php?rest_route=%2Fwp%2Fv2%2Fcategories&post=6398"},{"taxonomy":"post_tag","embeddable":true,"href":"https:\/\/conurbanodiario.com.ar\/index.php?rest_route=%2Fwp%2Fv2%2Ftags&post=6398"}],"curies":[{"name":"wp","href":"https:\/\/api.w.org\/{rel}","templated":true}]}}