{"id":6387,"date":"2020-07-20T17:46:09","date_gmt":"2020-07-20T20:46:09","guid":{"rendered":"http:\/\/conurbanodiario.com.ar\/?p=6387"},"modified":"2020-07-20T17:46:10","modified_gmt":"2020-07-20T20:46:10","slug":"concejales-opositores-pidieron-la-emergencia-en-seguridad","status":"publish","type":"post","link":"https:\/\/conurbanodiario.com.ar\/?p=6387","title":{"rendered":"CONCEJALES OPOSITORES PIDIERON LA EMERGENCIA EN SEGURIDAD"},"content":{"rendered":"\n<p>Los bloques de concejales de Juntos por el Cambio y GEN Progresista presentaron en el Honorable Concejo Deliberante, el proyecto de Ordenanza para decretar en el distrito, la emergencia en Seguridad P\u00fablica durante 180 d\u00edas. El proyecto surgi\u00f3 a partir de la preocupaci\u00f3n de gran parte de los vecinos de Quilmes por el aumento de los casos de inseguridad que a diario sufren en los distintos barrios de la ciudad. Tomando la dimensi\u00f3n del da\u00f1o econ\u00f3mico que provoca a las familias, comercios y empresas cada uno de los hechos de inseguridad, los ediles de la oposici\u00f3n consideran que es una problem\u00e1tica que no puede desatenderse ya que son las autoridades del Estado quienes deben dar respuesta a los vecinos y generar el marco normativo que favorezca el ejercicio de los derechos y libertades ciudadanas, adem\u00e1s de la convivencia pac\u00edfica y segura.<\/p>\n\n\n\n<p>Los bloques opositores consideran que es necesaria la construcci\u00f3n de una sociedad protegida, que cuente con un plan de prevenci\u00f3n del delito y con las herramientas adecuadas para una pronta soluci\u00f3n de los conflictos que en ella pudieran generarse. Un plan de seguridad sostenible en el tiempo implica, inevitablemente, reforzar los recursos humanos, log\u00edsticos y econ\u00f3micos para ejecutarlo, por eso se solicit\u00f3 al Departamento Ejecutivo que apruebe el proyecto de Ordenanza que determina la Emergencia en Seguridad; se habilite a la Comisi\u00f3n de Seguridad Ciudadana y Derechos Humanos del Honorable Concejo Deliberante a realizar el seguimiento y control de las pol\u00edticas a adoptar y, exigir al Ejecutivo municipal que, por su intermedio, requiera al Ministerio de Seguridad de la Naci\u00f3n, el env\u00edo de fuerzas federales, para reforzar la presencia de efectivos en las calles.<\/p>\n","protected":false},"excerpt":{"rendered":"<p>Los bloques de concejales de Juntos por el Cambio y GEN Progresista presentaron en el&#8230;<\/p>\n","protected":false},"author":1,"featured_media":59656,"comment_status":"open","ping_status":"open","sticky":false,"template":"","format":"standard","meta":{"footnotes":""},"categories":[35],"tags":[],"class_list":["post-6387","post","type-post","status-publish","format-standard","has-post-thumbnail","hentry","category-politica"],"_links":{"self":[{"href":"https:\/\/conurbanodiario.com.ar\/index.php?rest_route=\/wp\/v2\/posts\/6387","targetHints":{"allow":["GET"]}}],"collection":[{"href":"https:\/\/conurbanodiario.com.ar\/index.php?rest_route=\/wp\/v2\/posts"}],"about":[{"href":"https:\/\/conurbanodiario.com.ar\/index.php?rest_route=\/wp\/v2\/types\/post"}],"author":[{"embeddable":true,"href":"https:\/\/conurbanodiario.com.ar\/index.php?rest_route=\/wp\/v2\/users\/1"}],"replies":[{"embeddable":true,"href":"https:\/\/conurbanodiario.com.ar\/index.php?rest_route=%2Fwp%2Fv2%2Fcomments&post=6387"}],"version-history":[{"count":1,"href":"https:\/\/conurbanodiario.com.ar\/index.php?rest_route=\/wp\/v2\/posts\/6387\/revisions"}],"predecessor-version":[{"id":6389,"href":"https:\/\/conurbanodiario.com.ar\/index.php?rest_route=\/wp\/v2\/posts\/6387\/revisions\/6389"}],"wp:featuredmedia":[{"embeddable":true,"href":"https:\/\/conurbanodiario.com.ar\/index.php?rest_route=\/wp\/v2\/media\/59656"}],"wp:attachment":[{"href":"https:\/\/conurbanodiario.com.ar\/index.php?rest_route=%2Fwp%2Fv2%2Fmedia&parent=6387"}],"wp:term":[{"taxonomy":"category","embeddable":true,"href":"https:\/\/conurbanodiario.com.ar\/index.php?rest_route=%2Fwp%2Fv2%2Fcategories&post=6387"},{"taxonomy":"post_tag","embeddable":true,"href":"https:\/\/conurbanodiario.com.ar\/index.php?rest_route=%2Fwp%2Fv2%2Ftags&post=6387"}],"curies":[{"name":"wp","href":"https:\/\/api.w.org\/{rel}","templated":true}]}}