{"id":6385,"date":"2020-07-21T03:09:00","date_gmt":"2020-07-21T06:09:00","guid":{"rendered":"http:\/\/conurbanodiario.com.ar\/?p=6385"},"modified":"2020-07-20T17:59:10","modified_gmt":"2020-07-20T20:59:10","slug":"prision-domiciliaria-para-el-acusado-de-matar-a-uno-de-los-ladrones-que-entro-a-robar-su-casa","status":"publish","type":"post","link":"https:\/\/conurbanodiario.com.ar\/?p=6385","title":{"rendered":"PRISI\u00d3N DOMICILIARIA PARA EL ACUSADO DE MATAR A UNO DE LOS LADRONES QUE ENTR\u00d3 A ROBAR SU CASA"},"content":{"rendered":"\n<p>El hombre de 71 a\u00f1os acusado de matar de un balazo en el t\u00f3rax a uno de los cinco delincuentes que el viernes pasado ingresaron a robar a su casa del partido bonaerense de Quilmes fue beneficiado ayer por la tarde con un arresto domiciliario, informaron fuentes judiciales y uno de sus abogados defensores.<\/p>\n\n\n\n<p>La medida dispuesta por el juez de Garant\u00edas 2 quilme\u00f1o, Mart\u00edn Nolfi, alcanz\u00f3 al herrero Adolfo R\u00edos, quien recuperar\u00e1 la libertad en las pr\u00f3ximas horas desde la comisar\u00eda 9na. dicho partido del sur del conurbano y cumplir\u00e1 con la morigeraci\u00f3n en la casa de un familiar.<\/p>\n\n\n\n<p>Seg\u00fan indic\u00f3 el abogado Hugo Icazati, el magistrado le concedi\u00f3 el beneficio bajo juramento de presentarse ante el juzgado cada vez que se lo requiera, por lo que el herrero no tendr\u00e1 que utilizar una tobillera electr\u00f3nica.<\/p>\n\n\n\n<p>El letrado se mostr\u00f3 conforme con el fallo ya que junto a su colega Marino Cid Aparicio hab\u00edan solicitado una excarcelaci\u00f3n extraordinaria y, subsidiariamente, una morigeraci\u00f3n de la prisi\u00f3n ya que R\u00edos tiene problemas de salud y por su edad es parte del grupo de riesgo ante la pandemia de coronavirus.<\/p>\n\n\n\n<p>\u201cUsa un bast\u00f3n y el domingo se descompens\u00f3 y tuvieron que llevarlo al hospital\u201d, detall\u00f3 el abogado, quien explic\u00f3 que su defendido no va a cumplir la domiciliaria en su propia casa porque all\u00ed sufrir\u00eda amenazas y amedrentamientos por lo ocurrido.<\/p>\n\n\n\n<p>M\u00e1s all\u00e1 de este beneficio, el herrero continuar\u00e1 imputado de homicidio simple agravado por el uso de arma de fuego por disposici\u00f3n del fiscal Ariel Rivas, de la Unidad Funcional de Instrucci\u00f3n (UFI) de Quilmes.<\/p>\n\n\n\n<p>\u201cNo queremos que lo mate la Justicia, queremos que llegue a juicio oral para que podamos probar su m\u00e1s absoluta inocencia\u201d, dijo al canal Todo Noticias (TN) el abogado Cid Aparicio.<\/p>\n\n\n\n<p>El letrado apunt\u00f3 contra el proceso llevado a cabo a partir de la detenci\u00f3n del jubilado, ya que \u201cel s\u00e1bado por la ma\u00f1ana, que fue cuando lo indagaron\u201d, el fiscal Rivas le hab\u00eda asegurado \u201cque posiblemente no lo iban a detener, que se iba a morigerar y pod\u00eda estar en su casa\u201d.<\/p>\n\n\n\n<p>\u201cPara el mediod\u00eda hab\u00edan cambiado tres veces la calificaci\u00f3n, pas\u00f3 de defensa propia a abuso en la defensa, a homicidio simple agravado por el uso de arma de fuego, que tiene una pena m\u00ednima de diez a\u00f1os y cuatro meses\u201d de prisi\u00f3n, explic\u00f3.<\/p>\n\n\n\n<p>Adem\u00e1s, se refiri\u00f3 a la Convenci\u00f3n Interamericana de Derechos Humanos de Personas Mayores, a la cual Argentina suscribi\u00f3 en 2017, \u201cque dice claramente que no pueden estar sujetados durante mucho tiempo, aun cuando est\u00e9n sometidos a procesos\u201d.<\/p>\n\n\n\n<p>\u201cAhora nos enteramos de que los delincuentes que lo atacaron son barrabravas del club Quilmes, que como no hay f\u00fatbol, se dedican a asaltar\u201d, a\u00f1adi\u00f3.<\/p>\n\n\n\n<p>En tanto, asever\u00f3 que si bien la fiscal\u00eda considera que \u201cel ladr\u00f3n estaba en estado de indefensi\u00f3n, el \u00fanico que estaba en estado de indefensi\u00f3n es este pobre hombre, rodeado por cinco barrabravas fuertemente armados y con un auto de apoyo\u201d.<\/p>\n\n\n\n<p>\u201cEsto es un error judicial, yo s\u00e9 que hab\u00eda un c\u00famulo de detenidos muy importante el s\u00e1bado a la ma\u00f1ana, y no hicieron la evaluaci\u00f3n correcta desde la fiscal\u00eda de lo que ha pasado ni el an\u00e1lisis correcto de los videos\u201d, concluy\u00f3.<\/p>\n\n\n\n<p>Por otra parte, el hijo del jubilado, Federico, acompa\u00f1ado por sus dos hermanas y vecinos, dijo ayer por la ma\u00f1ana que su padre \u201cquiso defender lo suyo\u201d y que \u201cahora est\u00e1 en una situaci\u00f3n que no sali\u00f3 a buscar sino que entr\u00f3 a su casa\u201d y que \u201cse trat\u00f3 de defender\u201d porque \u201ctiene sangre en las venas\u201d.<\/p>\n\n\n\n<p>\u201cNo lo mataron ac\u00e1 adentro de mi casa porque se defendi\u00f3, no lo mataron en la calle; si no lo mat\u00f3 todo eso, quiz\u00e1s lo mata el encierro, la angustia\u201d, expres\u00f3.<\/p>\n\n\n\n<p>Federico agreg\u00f3 que ahora tienen \u201cmiedo\u201d de sufrir represalias, mientras que Cecilia, otra hija de R\u00edos, dijo que teme por la salud de su padre, ya que \u201ces un hombre enfermo, que tiene problemas de salud, le falta un ri\u00f1\u00f3n, tiene bloqueo en las arterias, tuvo infartos y tiene EPOC\u201d.<\/p>\n\n\n\n<p>M\u00e1s tarde, los familiares se trasladaron a la puerta de la fiscal\u00eda de Quilmes, donde otra hija del detenido, Gabriela, asegur\u00f3 indignada que \u201cQuilmes es tierra de nadie\u201d, que est\u00e1n \u00aba merced de los chorros\u00bb y que su padre es \u201cun hombre que trabaj\u00f3 toda su vida\u201d.<\/p>\n\n\n\n<p>El hecho ocurri\u00f3 el viernes cerca de las 5, cuando los ladrones ingresaron a robar a la vivienda de R\u00edos, ubicada Ayolas al 2700, en Quilmes Oeste.<\/p>\n\n\n\n<p>El jubilado fue sorprendido mientras dorm\u00eda y fue golpeado e intimidado por los asaltantes con un destornillador mientras le exig\u00edan dinero, y en ese momento extrajo una pistola Bersa Thunder calibre 9 mil\u00edmetros de su propiedad y les efectu\u00f3 al menos seis disparos que los hizo huir de inmediato.<\/p>\n\n\n\n<p>En las im\u00e1genes de las c\u00e1maras de seguridad se ve a uno de los ladrones, de 26 a\u00f1os, que se encontraba desarmado, forceje\u00f3 con R\u00edos cuando el hombre se dirigi\u00f3 hacia \u00e9l portando el arma de fuego hasta que en un momento dej\u00f3 de moverse, por lo que los investigadores creen que ese fue el momento en que le dispar\u00f3 en el t\u00f3rax.<\/p>\n","protected":false},"excerpt":{"rendered":"<p>El hombre de 71 a\u00f1os acusado de matar de un balazo en el t\u00f3rax a&#8230;<\/p>\n","protected":false},"author":1,"featured_media":59656,"comment_status":"open","ping_status":"open","sticky":false,"template":"","format":"standard","meta":{"footnotes":""},"categories":[10],"tags":[],"class_list":["post-6385","post","type-post","status-publish","format-standard","has-post-thumbnail","hentry","category-seguridad"],"_links":{"self":[{"href":"https:\/\/conurbanodiario.com.ar\/index.php?rest_route=\/wp\/v2\/posts\/6385","targetHints":{"allow":["GET"]}}],"collection":[{"href":"https:\/\/conurbanodiario.com.ar\/index.php?rest_route=\/wp\/v2\/posts"}],"about":[{"href":"https:\/\/conurbanodiario.com.ar\/index.php?rest_route=\/wp\/v2\/types\/post"}],"author":[{"embeddable":true,"href":"https:\/\/conurbanodiario.com.ar\/index.php?rest_route=\/wp\/v2\/users\/1"}],"replies":[{"embeddable":true,"href":"https:\/\/conurbanodiario.com.ar\/index.php?rest_route=%2Fwp%2Fv2%2Fcomments&post=6385"}],"version-history":[{"count":2,"href":"https:\/\/conurbanodiario.com.ar\/index.php?rest_route=\/wp\/v2\/posts\/6385\/revisions"}],"predecessor-version":[{"id":6390,"href":"https:\/\/conurbanodiario.com.ar\/index.php?rest_route=\/wp\/v2\/posts\/6385\/revisions\/6390"}],"wp:featuredmedia":[{"embeddable":true,"href":"https:\/\/conurbanodiario.com.ar\/index.php?rest_route=\/wp\/v2\/media\/59656"}],"wp:attachment":[{"href":"https:\/\/conurbanodiario.com.ar\/index.php?rest_route=%2Fwp%2Fv2%2Fmedia&parent=6385"}],"wp:term":[{"taxonomy":"category","embeddable":true,"href":"https:\/\/conurbanodiario.com.ar\/index.php?rest_route=%2Fwp%2Fv2%2Fcategories&post=6385"},{"taxonomy":"post_tag","embeddable":true,"href":"https:\/\/conurbanodiario.com.ar\/index.php?rest_route=%2Fwp%2Fv2%2Ftags&post=6385"}],"curies":[{"name":"wp","href":"https:\/\/api.w.org\/{rel}","templated":true}]}}