{"id":6380,"date":"2020-07-21T03:04:00","date_gmt":"2020-07-21T06:04:00","guid":{"rendered":"http:\/\/conurbanodiario.com.ar\/?p=6380"},"modified":"2020-07-20T16:34:30","modified_gmt":"2020-07-20T19:34:30","slug":"berazategui-creativa-la-nueva-plataforma-cultural","status":"publish","type":"post","link":"https:\/\/conurbanodiario.com.ar\/?p=6380","title":{"rendered":"BERAZATEGUI CREATIVA, LA NUEVA PLATAFORMA CULTURAL"},"content":{"rendered":"\n<p><strong>La Municipalidad de Berazategui, a trav\u00e9s de la Secretar\u00eda de Cultura y Educaci\u00f3n, dise\u00f1\u00f3 una nueva Plataforma digital que ya se encuentra abierta al p\u00fablico desde el sitio&nbsp;<a href=\"http:\/\/berazategui.gob.ar\/cultura\/beracreativa\" target=\"_blank\" rel=\"noreferrer noopener\">berazategui.gob.ar\/cultura\/beracreativa<\/a>. Su objetivo es visibilizar la oferta cultural local y responder a las necesidades de los productores culturales independientes, en el marco de la crisis sanitaria.<\/strong><\/p>\n\n\n\n<p>Ante la actual situaci\u00f3n de emergencia sanitaria por Coronavirus (COVID-19), y la consecuente medida de Aislamiento Social, Preventivo y Obligatorio, la presentaci\u00f3n de producciones culturales se limita a los medios digitales. Por este motivo, la nueva plataforma \u201cBerazategui Creativa\u201d facilita a los sectores de las Industrias Creativas locales la presentaci\u00f3n de sus producciones, y as\u00ed lograr mayor visibilidad, oportunidades e impulso en todos los \u00e1mbitos que permite el alcance virtual, caracterizado por un din\u00e1mico escenario de permanente innovaci\u00f3n.<\/p>\n\n\n\n<p>El espacio cuenta con una cartelera de actividades que facilita el acceso a las producciones art\u00edsticas online, con detalles de accesos y costos, en caso de que sea necesario. \u201cEs indispensable que en estos momentos dif\u00edciles, el estado contemple distintas alternativas para el apoyo de los sectores culturales, en este sentido Berazategui Creativa va a visibilizar las actividades de los productores independientes, permitiendo una mayor difusi\u00f3n. Desde el municipio se est\u00e1n realizando diferentes acciones para potenciar al sector independiente y esta plataforma es un gran adelanto\u201d, coment\u00f3 Federico L\u00f3pez, Secretario de Cultura y Educaci\u00f3n Municipal.<\/p>\n\n\n\n<p>Adem\u00e1s, cuenta con una secci\u00f3n de capacitaciones que permite a los productores independientes presentar la oferta de capacitaciones online, y con un espacio de convocatorias municipales, provinciales y nacionales.<\/p>\n\n\n\n<p>La convocatoria de productores culturales locales tiene bases y condiciones, y la inscripci\u00f3n se realiza en forma virtual a trav\u00e9s de la misma plataforma.<\/p>\n","protected":false},"excerpt":{"rendered":"<p>La Municipalidad de Berazategui, a trav\u00e9s de la Secretar\u00eda de Cultura y Educaci\u00f3n, dise\u00f1\u00f3 una&#8230;<\/p>\n","protected":false},"author":1,"featured_media":59656,"comment_status":"open","ping_status":"open","sticky":false,"template":"","format":"standard","meta":{"footnotes":""},"categories":[8],"tags":[],"class_list":["post-6380","post","type-post","status-publish","format-standard","has-post-thumbnail","hentry","category-cultura"],"_links":{"self":[{"href":"https:\/\/conurbanodiario.com.ar\/index.php?rest_route=\/wp\/v2\/posts\/6380","targetHints":{"allow":["GET"]}}],"collection":[{"href":"https:\/\/conurbanodiario.com.ar\/index.php?rest_route=\/wp\/v2\/posts"}],"about":[{"href":"https:\/\/conurbanodiario.com.ar\/index.php?rest_route=\/wp\/v2\/types\/post"}],"author":[{"embeddable":true,"href":"https:\/\/conurbanodiario.com.ar\/index.php?rest_route=\/wp\/v2\/users\/1"}],"replies":[{"embeddable":true,"href":"https:\/\/conurbanodiario.com.ar\/index.php?rest_route=%2Fwp%2Fv2%2Fcomments&post=6380"}],"version-history":[{"count":1,"href":"https:\/\/conurbanodiario.com.ar\/index.php?rest_route=\/wp\/v2\/posts\/6380\/revisions"}],"predecessor-version":[{"id":6383,"href":"https:\/\/conurbanodiario.com.ar\/index.php?rest_route=\/wp\/v2\/posts\/6380\/revisions\/6383"}],"wp:featuredmedia":[{"embeddable":true,"href":"https:\/\/conurbanodiario.com.ar\/index.php?rest_route=\/wp\/v2\/media\/59656"}],"wp:attachment":[{"href":"https:\/\/conurbanodiario.com.ar\/index.php?rest_route=%2Fwp%2Fv2%2Fmedia&parent=6380"}],"wp:term":[{"taxonomy":"category","embeddable":true,"href":"https:\/\/conurbanodiario.com.ar\/index.php?rest_route=%2Fwp%2Fv2%2Fcategories&post=6380"},{"taxonomy":"post_tag","embeddable":true,"href":"https:\/\/conurbanodiario.com.ar\/index.php?rest_route=%2Fwp%2Fv2%2Ftags&post=6380"}],"curies":[{"name":"wp","href":"https:\/\/api.w.org\/{rel}","templated":true}]}}