{"id":6376,"date":"2020-07-20T14:59:11","date_gmt":"2020-07-20T17:59:11","guid":{"rendered":"http:\/\/conurbanodiario.com.ar\/?p=6376"},"modified":"2020-07-20T14:59:20","modified_gmt":"2020-07-20T17:59:20","slug":"el-obispo-margni-a-los-educadores-han-realizado-una-practica-de-inmenso-heroismo","status":"publish","type":"post","link":"https:\/\/conurbanodiario.com.ar\/?p=6376","title":{"rendered":"El Obispo Margni a los educadores \u00abhan realizado una pr\u00e1ctica de inmenso hero\u00edsmo\u00bb"},"content":{"rendered":"\n<p>El viernes 17 de julio se realiz\u00f3 la Misa de acci\u00f3n de gracias por todos los educadores, en la capilla del Obispado de Quilmes, que presidi\u00f3 el Obispo Auxiliar de la Di\u00f3cesis y Vicario de Educaci\u00f3n, Marcelo (Maxi) Margni, y lo acompa\u00f1\u00f3 de manera presencial el Presb\u00edtero Rub\u00e9n Bienedell, Secretario de Asuntos Pastorales de la Vicar\u00eda. La celebraci\u00f3n fue transmitida en el canal de Youtube de la Di\u00f3cesis de Quilmes (<a href=\"http:\/\/obisquil.mailrelay-iv.com\/newslink\/896484\/249.html\" target=\"_blank\" rel=\"noreferrer noopener\">www.youtube.com\/DiocesisQuilmesOficial<\/a>), y gracias a la tecnolog\u00eda, educadores de las distintas comunidades leyeron las lecturas, las intenciones, y realizaron la animaci\u00f3n musical.<\/p>\n\n\n\n<p>El Padre Obispo Margni destac\u00f3 que&nbsp;<em>\u201clo que se realiz\u00f3 en esta mitad del a\u00f1o ha sido una pr\u00e1ctica de inmenso hero\u00edsmo: Hemos tenido que salir al encuentro de las necesidades de ni\u00f1os, j\u00f3venes y adultos con una creatividad \u00fanica, in\u00e9dita. La realidad nos puso en jaque y nos impuls\u00f3 a improvisar con el deseo de servir en esta vocaci\u00f3n de educar que tenemos\u201d<\/em>.<\/p>\n\n\n\n<p>El \u201cPadre Maxi\u201d comparti\u00f3 tambi\u00e9n los saludos de Monse\u00f1or Tissera&nbsp;<em>\u201cCon el Padre Obispo Carlos queremos agradecer profundamente a los trabajadores de las comunidades educativas que han salido al paso y han hecho lo mejor que pudieron, tambi\u00e9n a sus familias. Y pedir a Dios que nos siga acompa\u00f1ando\u201d<\/em>.<\/p>\n\n\n\n<p>Margni adem\u00e1s record\u00f3 que&nbsp;<em>\u201ceducar es ense\u00f1ar y aprender que en el centro est\u00e1 la dignidad humana\u201d<\/em>&nbsp;y dio gracias a Dios por lo aprendido en este tiempo e insisti\u00f3 en que este sea un tiempo que ayude a descansar.<\/p>\n\n\n\n<p>En la misa se hizo memoria de los beatos m\u00e1rtires riojanos: Enrique Angelelli, Gabriel Longueville, Carlos de Dios Murias y Wanceslao Pedernerase, y se rez\u00f3 por las intenciones de los miembros de las comunidades educativas, por los enfermos de las familias, por los difuntos que han partido a la casa del Padre recientemente y para agradecer a Dios por el don del trabajo y por los educadores.<\/p>\n\n\n\n<p>La celebraci\u00f3n se puede revivir en&nbsp;<a href=\"http:\/\/obisquil.mailrelay-iv.com\/newslink\/896484\/280.html\" target=\"_blank\" rel=\"noreferrer noopener\">https:\/\/www.youtube.com\/watch?v=3e5JB3TRxZ4&amp;t=5s<\/a><\/p>\n","protected":false},"excerpt":{"rendered":"<p>El viernes 17 de julio se realiz\u00f3 la Misa de acci\u00f3n de gracias por todos&#8230;<\/p>\n","protected":false},"author":1,"featured_media":59656,"comment_status":"open","ping_status":"open","sticky":false,"template":"","format":"standard","meta":{"footnotes":""},"categories":[3],"tags":[],"class_list":["post-6376","post","type-post","status-publish","format-standard","has-post-thumbnail","hentry","category-informacion-general"],"_links":{"self":[{"href":"https:\/\/conurbanodiario.com.ar\/index.php?rest_route=\/wp\/v2\/posts\/6376","targetHints":{"allow":["GET"]}}],"collection":[{"href":"https:\/\/conurbanodiario.com.ar\/index.php?rest_route=\/wp\/v2\/posts"}],"about":[{"href":"https:\/\/conurbanodiario.com.ar\/index.php?rest_route=\/wp\/v2\/types\/post"}],"author":[{"embeddable":true,"href":"https:\/\/conurbanodiario.com.ar\/index.php?rest_route=\/wp\/v2\/users\/1"}],"replies":[{"embeddable":true,"href":"https:\/\/conurbanodiario.com.ar\/index.php?rest_route=%2Fwp%2Fv2%2Fcomments&post=6376"}],"version-history":[{"count":1,"href":"https:\/\/conurbanodiario.com.ar\/index.php?rest_route=\/wp\/v2\/posts\/6376\/revisions"}],"predecessor-version":[{"id":6378,"href":"https:\/\/conurbanodiario.com.ar\/index.php?rest_route=\/wp\/v2\/posts\/6376\/revisions\/6378"}],"wp:featuredmedia":[{"embeddable":true,"href":"https:\/\/conurbanodiario.com.ar\/index.php?rest_route=\/wp\/v2\/media\/59656"}],"wp:attachment":[{"href":"https:\/\/conurbanodiario.com.ar\/index.php?rest_route=%2Fwp%2Fv2%2Fmedia&parent=6376"}],"wp:term":[{"taxonomy":"category","embeddable":true,"href":"https:\/\/conurbanodiario.com.ar\/index.php?rest_route=%2Fwp%2Fv2%2Fcategories&post=6376"},{"taxonomy":"post_tag","embeddable":true,"href":"https:\/\/conurbanodiario.com.ar\/index.php?rest_route=%2Fwp%2Fv2%2Ftags&post=6376"}],"curies":[{"name":"wp","href":"https:\/\/api.w.org\/{rel}","templated":true}]}}