{"id":6373,"date":"2020-07-20T14:51:29","date_gmt":"2020-07-20T17:51:29","guid":{"rendered":"http:\/\/conurbanodiario.com.ar\/?p=6373"},"modified":"2020-08-12T21:54:50","modified_gmt":"2020-08-13T00:54:50","slug":"alarmante-desinversion-de-edesur-castiga-cada-vez-con-mas-fuerza-a-los-usuarios","status":"publish","type":"post","link":"https:\/\/conurbanodiario.com.ar\/?p=6373","title":{"rendered":"ALARMANTE DESINVERSI\u00d3N DE EDESUR CASTIGA CADA VEZ CON M\u00c1S FUERZA A LOS USUARIOS"},"content":{"rendered":"\n<p><strong><em>Por <a href=\"https:\/\/waltermartello.com.ar\/edesurydesinversion\/\" target=\"_blank\" rel=\"noreferrer noopener\">Walter Martello<\/a> (*)<\/em><\/strong><\/p>\n\n\n\n<p><strong>La compa\u00f1\u00eda, en el primer trimestre del a\u00f1o de 2020, invirti\u00f3 49 % menos que igual per\u00edodo del a\u00f1o pasado. Pese a que cerr\u00f3 el ejercicio 2019 con un resultado positivo superior a los $12.600 millones, un 168% m\u00e1s que en 2018, el nivel de inversi\u00f3n del a\u00f1o pasado ni siquiera equipar\u00f3 la inflaci\u00f3n. El \u00faltimo fin de semana m\u00e1s de 30 mil usuarios sufrieron las consecuencias, en el \u00e1rea metropolitana<\/strong><\/p>\n\n\n\n<p>Lejos de tratarse de un hecho fortuito, estamos asistiendo a la cr\u00f3nica de un final anunciando. Lo que est\u00e1 ocurriendo con el p\u00e9simo servicio de Edesur tiene una relaci\u00f3n directa con el nulo nivel de inversiones que ha realizado la compa\u00f1\u00eda en el \u00faltimo a\u00f1o y medio, pese a que durante el per\u00edodo 2016-2019 fue favorecida por exorbitantes aumentos tarifarios.<\/p>\n\n\n\n<p>Solo con analizar los \u00faltimos dos balances de la compa\u00f1\u00eda, presentados ante la Comisi\u00f3n Nacional de Valores (CNV), podemos percatarnos de la clara desinversi\u00f3n. Por ejemplo, en 2019, Edesur cerr\u00f3 el ejercicio con un resultado positivo de m\u00e1s de $12.600 millones, +168% respecto a 2018, a lo que le sum\u00f3 un crecimiento del EBITDA (indicador financiero que se utiliza para obtener una imagen fiel de la empresa est\u00e1 ganando o perdiendo en el n\u00facleo del negocio) de + 144%. Ambos incrementos est\u00e1n claramente muy por encima de la inflaci\u00f3n anual 2019 que, seg\u00fan el INDEC, lleg\u00f3 al 53,8%.<\/p>\n\n\n\n<p>Ahora bien, qu\u00e9 pas\u00f3 con las inversiones. La propia empresa inform\u00f3 que en 2019 solamente destin\u00f3 un 33% m\u00e1s que el a\u00f1o anterior, es decir, 20 puntos menos que la inflaci\u00f3n, en un contexto donde adem\u00e1s la devaluaci\u00f3n deterior\u00f3 el poder adquisitivo de la moneda nacional.<\/p>\n\n\n\n<p>En otras palabras, hubo una clara decisi\u00f3n -por parte de las autoridades de la empresa- de que haya desinversi\u00f3n, con complicidad de los organismos de control, comandados por el gobierno macrista, para que ello sucediera.<\/p>\n\n\n\n<p>La situaci\u00f3n se torn\u00f3 a\u00fan peor durante el primer trimestre de 2020 ya que Edesur no reinvirti\u00f3 nada de las ganancias acumuladas en 2019. Por el contrario, al registrarse una merma de ingresos del 22,6%, los responsables de la distribuidora aplicaron un fuert\u00edsimo recorte en la inversi\u00f3n que roz\u00f3 el 50% en t\u00e9rminos nominales. El ajuste fue de $1484 millones, solamente durante el primer trimestre de este a\u00f1o en comparaci\u00f3n con igual per\u00edodo de 2019.<\/p>\n\n\n\n<p><strong><em>(*) Defensor del Pueblo Adjunto de la Provincia de Buenos Aires<\/em><\/strong><\/p>\n","protected":false},"excerpt":{"rendered":"<p>Por Walter Martello (*) La compa\u00f1\u00eda, en el primer trimestre del a\u00f1o de 2020, invirti\u00f3&#8230;<\/p>\n","protected":false},"author":1,"featured_media":59656,"comment_status":"open","ping_status":"open","sticky":false,"template":"","format":"standard","meta":{"footnotes":""},"categories":[3],"tags":[],"class_list":["post-6373","post","type-post","status-publish","format-standard","has-post-thumbnail","hentry","category-informacion-general"],"_links":{"self":[{"href":"https:\/\/conurbanodiario.com.ar\/index.php?rest_route=\/wp\/v2\/posts\/6373","targetHints":{"allow":["GET"]}}],"collection":[{"href":"https:\/\/conurbanodiario.com.ar\/index.php?rest_route=\/wp\/v2\/posts"}],"about":[{"href":"https:\/\/conurbanodiario.com.ar\/index.php?rest_route=\/wp\/v2\/types\/post"}],"author":[{"embeddable":true,"href":"https:\/\/conurbanodiario.com.ar\/index.php?rest_route=\/wp\/v2\/users\/1"}],"replies":[{"embeddable":true,"href":"https:\/\/conurbanodiario.com.ar\/index.php?rest_route=%2Fwp%2Fv2%2Fcomments&post=6373"}],"version-history":[{"count":1,"href":"https:\/\/conurbanodiario.com.ar\/index.php?rest_route=\/wp\/v2\/posts\/6373\/revisions"}],"predecessor-version":[{"id":6375,"href":"https:\/\/conurbanodiario.com.ar\/index.php?rest_route=\/wp\/v2\/posts\/6373\/revisions\/6375"}],"wp:featuredmedia":[{"embeddable":true,"href":"https:\/\/conurbanodiario.com.ar\/index.php?rest_route=\/wp\/v2\/media\/59656"}],"wp:attachment":[{"href":"https:\/\/conurbanodiario.com.ar\/index.php?rest_route=%2Fwp%2Fv2%2Fmedia&parent=6373"}],"wp:term":[{"taxonomy":"category","embeddable":true,"href":"https:\/\/conurbanodiario.com.ar\/index.php?rest_route=%2Fwp%2Fv2%2Fcategories&post=6373"},{"taxonomy":"post_tag","embeddable":true,"href":"https:\/\/conurbanodiario.com.ar\/index.php?rest_route=%2Fwp%2Fv2%2Ftags&post=6373"}],"curies":[{"name":"wp","href":"https:\/\/api.w.org\/{rel}","templated":true}]}}