{"id":6369,"date":"2020-07-20T14:42:02","date_gmt":"2020-07-20T17:42:02","guid":{"rendered":"http:\/\/conurbanodiario.com.ar\/?p=6369"},"modified":"2020-07-20T14:42:03","modified_gmt":"2020-07-20T17:42:03","slug":"muestra-virtual-homenaje-al-doctor-sallares","status":"publish","type":"post","link":"https:\/\/conurbanodiario.com.ar\/?p=6369","title":{"rendered":"MUESTRA VIRTUAL HOMENAJE AL DOCTOR SALLAR\u00c9S"},"content":{"rendered":"\n<p>La muestra virtual -a trav\u00e9s de un video- rinde homenaje al doctor Salvador Sallar\u00e9s, preparada por la subdirecci\u00f3n del Museo y Archivo Hist\u00f3rico Municipal de Florencio Varela, fue difundida el pasado viernes 17 en el facebook de la secretar\u00eda de Cultura, Deportes y Recreaci\u00f3n de la comuna.<\/p>\n\n\n\n<p>Asimismo, ingresando a dicha red social los vecinos encontrar\u00e1n el material y as\u00ed podr\u00e1n informarse y aprender de la mejor manera en estos d\u00edas de aislamiento social, preventivo y obligatorio.<\/p>\n\n\n\n<p>\u201cDesde el Museo estamos muy contentas con esta muestra virtual ya que el doctor Sallar\u00e9s fue una persona muy querida y distinguida personalidad en nuestro distrito. Espero que en estos d\u00edas de cuarentena los vecinos la disfruten desde sus casas\u201d, expres\u00f3 Viviana Torres, subdirectora del Museo y del Archivo Hist\u00f3rico Municipal.<\/p>\n\n\n\n<p><strong>Un&nbsp; poco de historia de \u201cEl Galeno\u201d: su dedicaci\u00f3n a la medicina local<\/strong><\/p>\n\n\n\n<p>El material de video recorre la importancia de la vida y obra del doctor Sallar\u00e9s en Florencio Varela, rindi\u00e9ndole de esta manera honor a su destacada trayectoria.<\/p>\n\n\n\n<p>El doctor Salvador Sallar\u00e9s (1883-1963) naci\u00f3 en Entre R\u00edos y en 1910 lleg\u00f3 a Florencio Varela. Eligi\u00f3 dicho distrito para vivir y desarrollar su labor donde ejerci\u00f3 su profesi\u00f3n por m\u00e1s de 50 a\u00f1os. Era llamado \u201cEl Galeno\u201d, en honor a la dedicaci\u00f3n como m\u00e9dico y ser humano. Es as\u00ed que atend\u00eda desinteresadamente a quien lo necesitara aunque no recibiera remuneraci\u00f3n alguna.&nbsp;<\/p>\n\n\n\n<p>En la d\u00e9cada del \u201940 trabaj\u00f3 en la sala de primeros auxilios de forma honoraria, lugar que posteriormente ser\u00eda el Hospital Dr. Nicol\u00e1s Bocuzzi. &nbsp;<\/p>\n\n\n\n<p>Adem\u00e1s de su labor como m\u00e9dico Sallar\u00e9s se dedic\u00f3 a la pol\u00edtica ocupando cargos como presidente del Consejo Escolar local y del Honorable Concejo Deliberante. Tambi\u00e9n, se desempe\u00f1\u00f3 como diputado provincial.<\/p>\n\n\n\n<p>\u201cUn dato importante a tener en cuenta es que el doctor Sallar\u00e9s junto a los doctores Luis Bravo Zamora, Ram\u00f3n Gangoiti y H\u00e9ctor Ni\u00f1o funda en 1940 el C\u00edrculo M\u00e9dico de Florencio Varela\u201d, destac\u00f3 Viviana Torres.<\/p>\n\n\n\n<p>El d\u00eda de su fallecimiento fue declarado asueto administrativo y sus restos fueron velados en el recinto del entonces Honorable Concejo Deliberante (HCD)- hoy Museo Comunitario de Artes Visuales e Hist\u00f3rico de Florencio Varela.<\/p>\n\n\n\n<p>Los restos de Sallar\u00e9s descansan en el Cementerio local, en un mausoleo donado por el Municipio para tal fin.<\/p>\n\n\n\n<p>En el lugar se ubic\u00f3 un monumento de granito y un bajo relieve realizados por el escultor Luis Perlotti.<\/p>\n\n\n\n<p><strong>Sitios que lo recuerdan<\/strong><\/p>\n\n\n\n<p>La calle donde se encontraba su casa y su consultorio, Humberto Primo, pas\u00f3 a llamarse Salvador Sallar\u00e9s por el Decreto N\u00ba 7744 de 1963.<\/p>\n\n\n\n<p>Una instituci\u00f3n educativa privada y un hogar de ancianos municipal (ubicado en Avenida Jos\u00e9 Luis Cariboni y De La Ancianidad) tambi\u00e9n honran su persona llevando su nombre.<\/p>\n\n\n\n<p>*Los datos biogr\u00e1ficos fueron extra\u00eddos de la siguiente fuente: Subdirecci\u00f3n del Museo y Archivo Hist\u00f3rico Municipal.<\/p>\n","protected":false},"excerpt":{"rendered":"<p>La muestra virtual -a trav\u00e9s de un video- rinde homenaje al doctor Salvador Sallar\u00e9s, preparada&#8230;<\/p>\n","protected":false},"author":1,"featured_media":59656,"comment_status":"open","ping_status":"open","sticky":false,"template":"","format":"standard","meta":{"footnotes":""},"categories":[8],"tags":[],"class_list":["post-6369","post","type-post","status-publish","format-standard","has-post-thumbnail","hentry","category-cultura"],"_links":{"self":[{"href":"https:\/\/conurbanodiario.com.ar\/index.php?rest_route=\/wp\/v2\/posts\/6369","targetHints":{"allow":["GET"]}}],"collection":[{"href":"https:\/\/conurbanodiario.com.ar\/index.php?rest_route=\/wp\/v2\/posts"}],"about":[{"href":"https:\/\/conurbanodiario.com.ar\/index.php?rest_route=\/wp\/v2\/types\/post"}],"author":[{"embeddable":true,"href":"https:\/\/conurbanodiario.com.ar\/index.php?rest_route=\/wp\/v2\/users\/1"}],"replies":[{"embeddable":true,"href":"https:\/\/conurbanodiario.com.ar\/index.php?rest_route=%2Fwp%2Fv2%2Fcomments&post=6369"}],"version-history":[{"count":1,"href":"https:\/\/conurbanodiario.com.ar\/index.php?rest_route=\/wp\/v2\/posts\/6369\/revisions"}],"predecessor-version":[{"id":6371,"href":"https:\/\/conurbanodiario.com.ar\/index.php?rest_route=\/wp\/v2\/posts\/6369\/revisions\/6371"}],"wp:featuredmedia":[{"embeddable":true,"href":"https:\/\/conurbanodiario.com.ar\/index.php?rest_route=\/wp\/v2\/media\/59656"}],"wp:attachment":[{"href":"https:\/\/conurbanodiario.com.ar\/index.php?rest_route=%2Fwp%2Fv2%2Fmedia&parent=6369"}],"wp:term":[{"taxonomy":"category","embeddable":true,"href":"https:\/\/conurbanodiario.com.ar\/index.php?rest_route=%2Fwp%2Fv2%2Fcategories&post=6369"},{"taxonomy":"post_tag","embeddable":true,"href":"https:\/\/conurbanodiario.com.ar\/index.php?rest_route=%2Fwp%2Fv2%2Ftags&post=6369"}],"curies":[{"name":"wp","href":"https:\/\/api.w.org\/{rel}","templated":true}]}}