{"id":6366,"date":"2020-07-21T02:06:00","date_gmt":"2020-07-21T05:06:00","guid":{"rendered":"http:\/\/conurbanodiario.com.ar\/?p=6366"},"modified":"2020-07-20T14:42:17","modified_gmt":"2020-07-20T17:42:17","slug":"mercado-activo-promocion-en-producto-alimenticio-basico","status":"publish","type":"post","link":"https:\/\/conurbanodiario.com.ar\/?p=6366","title":{"rendered":"MERCADO ACTIVO EN VARELA: PROMOCI\u00d3N EN PRODUCTO ALIMENTICIO B\u00c1SICO"},"content":{"rendered":"\n<p>Mediante el programa <em>Mercado Activo<\/em>, impulsado por la intendencia, a trav\u00e9s de la secretar\u00eda de Industria y Desarrollo Productivo,rige hasta fin de mes, los d\u00edas mi\u00e9rcoles, la promoci\u00f3n de un kilogramo de pan a $60, en los comercios adheridos.<\/p>\n\n\n\n<p>Panader\u00edas adheridas:<\/p>\n\n\n\n<p><strong>&#8211; <\/strong>Contreras esq. San Juan, Centro.<\/p>\n\n\n\n<p><strong>&#8211; <\/strong>R.P 36 N\u00ba 4850, Bosques.<\/p>\n\n\n\n<p><strong>&#8211; <\/strong>Luis Braille 1002, Cruce Varela.<\/p>\n\n\n\n<p><strong>&#8211; <\/strong>San Lorenzo 1619, Curva de Berraymundo.<\/p>\n\n\n\n<p><strong>&#8211; <\/strong>Av. Luj\u00e1n e\/ 907 A y 907, Villa Hudson.<\/p>\n\n\n\n<p>-Av.Lujan 1039 esq. Chivilcoy, Villa Hudson.<\/p>\n\n\n\n<p><strong>&#8211; <\/strong>Par\u00eds 423, Santa Rosa.<\/p>\n\n\n\n<p>-Av. Eva Per\u00f3n 5706, Villa M\u00f3nica.<\/p>\n\n\n\n<p>&#8211; Yugoslavia 1143, Pico de Oro.<\/p>\n\n\n\n<p><strong>&#8211; <\/strong>Luj\u00e1n 1576 y colectora, Bosques.<\/p>\n","protected":false},"excerpt":{"rendered":"<p>Mediante el programa Mercado Activo, impulsado por la intendencia, a trav\u00e9s de la secretar\u00eda de&#8230;<\/p>\n","protected":false},"author":1,"featured_media":59656,"comment_status":"open","ping_status":"open","sticky":false,"template":"","format":"standard","meta":{"footnotes":""},"categories":[3],"tags":[],"class_list":["post-6366","post","type-post","status-publish","format-standard","has-post-thumbnail","hentry","category-informacion-general"],"_links":{"self":[{"href":"https:\/\/conurbanodiario.com.ar\/index.php?rest_route=\/wp\/v2\/posts\/6366","targetHints":{"allow":["GET"]}}],"collection":[{"href":"https:\/\/conurbanodiario.com.ar\/index.php?rest_route=\/wp\/v2\/posts"}],"about":[{"href":"https:\/\/conurbanodiario.com.ar\/index.php?rest_route=\/wp\/v2\/types\/post"}],"author":[{"embeddable":true,"href":"https:\/\/conurbanodiario.com.ar\/index.php?rest_route=\/wp\/v2\/users\/1"}],"replies":[{"embeddable":true,"href":"https:\/\/conurbanodiario.com.ar\/index.php?rest_route=%2Fwp%2Fv2%2Fcomments&post=6366"}],"version-history":[{"count":2,"href":"https:\/\/conurbanodiario.com.ar\/index.php?rest_route=\/wp\/v2\/posts\/6366\/revisions"}],"predecessor-version":[{"id":6372,"href":"https:\/\/conurbanodiario.com.ar\/index.php?rest_route=\/wp\/v2\/posts\/6366\/revisions\/6372"}],"wp:featuredmedia":[{"embeddable":true,"href":"https:\/\/conurbanodiario.com.ar\/index.php?rest_route=\/wp\/v2\/media\/59656"}],"wp:attachment":[{"href":"https:\/\/conurbanodiario.com.ar\/index.php?rest_route=%2Fwp%2Fv2%2Fmedia&parent=6366"}],"wp:term":[{"taxonomy":"category","embeddable":true,"href":"https:\/\/conurbanodiario.com.ar\/index.php?rest_route=%2Fwp%2Fv2%2Fcategories&post=6366"},{"taxonomy":"post_tag","embeddable":true,"href":"https:\/\/conurbanodiario.com.ar\/index.php?rest_route=%2Fwp%2Fv2%2Ftags&post=6366"}],"curies":[{"name":"wp","href":"https:\/\/api.w.org\/{rel}","templated":true}]}}