{"id":6363,"date":"2020-07-20T14:36:38","date_gmt":"2020-07-20T17:36:38","guid":{"rendered":"http:\/\/conurbanodiario.com.ar\/?p=6363"},"modified":"2020-07-20T14:36:39","modified_gmt":"2020-07-20T17:36:39","slug":"watson-repudio-agresion-a-bomberos","status":"publish","type":"post","link":"https:\/\/conurbanodiario.com.ar\/?p=6363","title":{"rendered":"WATSON REPUDI\u00d3 AGRESI\u00d3N A BOMBEROS"},"content":{"rendered":"\n<p>El intendente Andr\u00e9s Watson reprob\u00f3 el ataque que padecieron Bomberos Voluntarios cuando acudieron al barrio Infico para apagar un incendio y reivindic\u00f3 la noble tarea del personal al servicio de la comunidad.<\/p>\n\n\n\n<p>Tras recibir un llamado en horas de la madrugada, la dotaci\u00f3n parti\u00f3 desde el cuartel principal rumbo al destino indicado para intervenir ante la emergencia. En el lugar, fueron v\u00edctimas de una violenta agresi\u00f3n.&nbsp; &nbsp;<\/p>\n\n\n\n<p>Los agentes abocados al operativo resultaron ilesos. Sin embargo, los agresores provocaron da\u00f1os tanto en el parabrisas como en el \u00e1rea frontal de la unidad cisterna perteneciente al Destacamento N\u00ba1 de la entidad, ubicado en la zona c\u00e9ntrica del partido.<\/p>\n\n\n\n<p>\u201cEstos actos cobardes nos duelen y nos golpean emocional y econ\u00f3micamente\u201d, afirmaron desde la instituci\u00f3n mediante un comunicado a trav\u00e9s de sus redes sociales.&nbsp;<\/p>\n\n\n\n<p>Consignaron adem\u00e1s que realizaron la denuncia correspondiente, la cual fue radicada en la seccional primera de Polic\u00eda.<\/p>\n","protected":false},"excerpt":{"rendered":"<p>El intendente Andr\u00e9s Watson reprob\u00f3 el ataque que padecieron Bomberos Voluntarios cuando acudieron al barrio&#8230;<\/p>\n","protected":false},"author":1,"featured_media":59656,"comment_status":"open","ping_status":"open","sticky":false,"template":"","format":"standard","meta":{"footnotes":""},"categories":[3],"tags":[],"class_list":["post-6363","post","type-post","status-publish","format-standard","has-post-thumbnail","hentry","category-informacion-general"],"_links":{"self":[{"href":"https:\/\/conurbanodiario.com.ar\/index.php?rest_route=\/wp\/v2\/posts\/6363","targetHints":{"allow":["GET"]}}],"collection":[{"href":"https:\/\/conurbanodiario.com.ar\/index.php?rest_route=\/wp\/v2\/posts"}],"about":[{"href":"https:\/\/conurbanodiario.com.ar\/index.php?rest_route=\/wp\/v2\/types\/post"}],"author":[{"embeddable":true,"href":"https:\/\/conurbanodiario.com.ar\/index.php?rest_route=\/wp\/v2\/users\/1"}],"replies":[{"embeddable":true,"href":"https:\/\/conurbanodiario.com.ar\/index.php?rest_route=%2Fwp%2Fv2%2Fcomments&post=6363"}],"version-history":[{"count":1,"href":"https:\/\/conurbanodiario.com.ar\/index.php?rest_route=\/wp\/v2\/posts\/6363\/revisions"}],"predecessor-version":[{"id":6365,"href":"https:\/\/conurbanodiario.com.ar\/index.php?rest_route=\/wp\/v2\/posts\/6363\/revisions\/6365"}],"wp:featuredmedia":[{"embeddable":true,"href":"https:\/\/conurbanodiario.com.ar\/index.php?rest_route=\/wp\/v2\/media\/59656"}],"wp:attachment":[{"href":"https:\/\/conurbanodiario.com.ar\/index.php?rest_route=%2Fwp%2Fv2%2Fmedia&parent=6363"}],"wp:term":[{"taxonomy":"category","embeddable":true,"href":"https:\/\/conurbanodiario.com.ar\/index.php?rest_route=%2Fwp%2Fv2%2Fcategories&post=6363"},{"taxonomy":"post_tag","embeddable":true,"href":"https:\/\/conurbanodiario.com.ar\/index.php?rest_route=%2Fwp%2Fv2%2Ftags&post=6363"}],"curies":[{"name":"wp","href":"https:\/\/api.w.org\/{rel}","templated":true}]}}