{"id":6353,"date":"2020-07-20T03:06:00","date_gmt":"2020-07-20T06:06:00","guid":{"rendered":"http:\/\/conurbanodiario.com.ar\/?p=6353"},"modified":"2020-07-19T04:04:36","modified_gmt":"2020-07-19T07:04:36","slug":"se-nego-a-declarar-el-jubilado-acusado-de-matar-a-un-ladron-en-quilmes-y-seguira-preso","status":"publish","type":"post","link":"https:\/\/conurbanodiario.com.ar\/?p=6353","title":{"rendered":"SE NEG\u00d3 A DECLARAR EL JUBILADO ACUSADO DE MATAR A UN LADR\u00d3N EN QUILMES Y SEGUIR\u00c1 PRESO"},"content":{"rendered":"\n<p>El jubilado de 71 a\u00f1os acusado de matar de un balazo en el t\u00f3rax a uno de los cinco delincuentes que ingresaron a robar a su casa del partido bonaerense de Quilmes se neg\u00f3 a declarar ante la Justicia y continuar\u00e1 detenido, informaron fuentes de la investigaci\u00f3n.<\/p>\n\n\n\n<p>Se trata de Jorge Adolfo R\u00edos, quien fue indagado por el fiscal Ariel Rivas, titular de la Unidad Funcional de Instrucci\u00f3n (UFI) 1 del Departamento Judicial de Quilmes, quien le imput\u00f3 el delito de \u201chomicidio agravado por el empleo de arma de fuego\u201d, en perjuicio de Franco Mart\u00edn Moreyra (26).<\/p>\n\n\n\n<p>Voceros de la investigaci\u00f3n informaron que el jubilado se neg\u00f3 a declarar y seguir\u00e1 preso, mientras el fiscal aguarda el resultado de la autopsia, como as\u00ed tambi\u00e9n el informe de la Polic\u00eda Cient\u00edfica, entre otras pericias.<\/p>\n\n\n\n<p>De acuerdo a lo que pudieron reconstruir los investigadores, a partir del an\u00e1lisis de las im\u00e1genes de dos c\u00e1maras de seguridad, cinco delincuentes ingresaron el viernes, minutos antes de las 5 de la madrugada, a la vivienda de R\u00edos, ubicada en la calle Ayolas al 2700 de la localidad de Quilmes Oeste, luego de trepar la medianera de un vecino y arribar al fondo de la propiedad.<\/p>\n\n\n\n<p>El jubilado fue sorprendido mientras dorm\u00eda por los asaltantes y fue golpeado e intimidado con un destornillador, mientras le exig\u00edan dinero, a\u00f1adieron los informantes.<\/p>\n\n\n\n<p>En esas circunstancias, R\u00edos extrajo una pistola Bersa Thunder calibre 9 mil\u00edmetros de su propiedad y les efectu\u00f3 al menos seis disparos a los delincuentes, quienes huyeron de inmediato.<\/p>\n\n\n\n<p>Dos de los ladrones quedaron registrados por las c\u00e1maras mientras hu\u00edan a la carrera, mientras que un minuto despu\u00e9s se observa al \u00faltimo de los delincuentes, Moreyra, quien escapa rengueando por una herida en una de sus piernas y luego de doblar la esquina, ya a unos 60 metros de la vivienda del jubilado, se sienta en el suelo.<\/p>\n\n\n\n<p>Siempre seg\u00fan la misma secuencia, el ladr\u00f3n se encontraba desarmado cuando entra en escena R\u00edos portando un arma de fuego, quien forcejea con el asaltante hasta que \u00e9ste deja de moverse, informaron fuentes de la investigaci\u00f3n.<\/p>\n\n\n\n<p>Esto les permite inferir a los investigadores que fue el momento en el cual el jubilado le dispar\u00f3 en el t\u00f3rax, ya que de las im\u00e1genes se desprende que Moreyra no ten\u00eda previamente una herida en el pecho, por la forma en que escapaba \u201ca los saltos\u201d.<\/p>\n\n\n\n<p>Adem\u00e1s, al momento de peritar la escena del crimen se hallaron tres vainas servidas de calibre 9 mil\u00edmetros, que fueron levantadas para cotejarlas con la pistola secuestrada al imputado.<\/p>\n\n\n\n<p>Una fuente con acceso al expediente explic\u00f3 que el ladr\u00f3n fue baleado \u201cen un estado de total indefensi\u00f3n, cuando ya no representaba ning\u00fan peligro\u201d.<\/p>\n\n\n\n<p>Asimismo, los pesquisas sospechan que la herida en la pierna que ten\u00eda Pereyra pudo hab\u00e9rsela provocado mientras trepaba la medianera, en la cual fueron encontradas huellas que tambi\u00e9n ser\u00e1n peritadas.<\/p>\n\n\n\n<p>R\u00edos fue aprehendido luego de un allanamiento en urgencia en su casa dispuesto por el fiscal Rivas, quien en principio orden\u00f3 su aprehensi\u00f3n por el delito de \u201chomicidio con exceso en la leg\u00edtima defensa\u201d y luego agrav\u00f3 su acusaci\u00f3n.<\/p>\n\n\n\n<p>El jubilado fue asistido por personal de salud, que constat\u00f3 heridas sangrantes en su cabeza y lesiones visibles en un antebrazo y el rostro.<\/p>\n","protected":false},"excerpt":{"rendered":"<p>El jubilado de 71 a\u00f1os acusado de matar de un balazo en el t\u00f3rax a&#8230;<\/p>\n","protected":false},"author":1,"featured_media":59656,"comment_status":"open","ping_status":"open","sticky":false,"template":"","format":"standard","meta":{"footnotes":""},"categories":[10],"tags":[],"class_list":["post-6353","post","type-post","status-publish","format-standard","has-post-thumbnail","hentry","category-seguridad"],"_links":{"self":[{"href":"https:\/\/conurbanodiario.com.ar\/index.php?rest_route=\/wp\/v2\/posts\/6353","targetHints":{"allow":["GET"]}}],"collection":[{"href":"https:\/\/conurbanodiario.com.ar\/index.php?rest_route=\/wp\/v2\/posts"}],"about":[{"href":"https:\/\/conurbanodiario.com.ar\/index.php?rest_route=\/wp\/v2\/types\/post"}],"author":[{"embeddable":true,"href":"https:\/\/conurbanodiario.com.ar\/index.php?rest_route=\/wp\/v2\/users\/1"}],"replies":[{"embeddable":true,"href":"https:\/\/conurbanodiario.com.ar\/index.php?rest_route=%2Fwp%2Fv2%2Fcomments&post=6353"}],"version-history":[{"count":1,"href":"https:\/\/conurbanodiario.com.ar\/index.php?rest_route=\/wp\/v2\/posts\/6353\/revisions"}],"predecessor-version":[{"id":6355,"href":"https:\/\/conurbanodiario.com.ar\/index.php?rest_route=\/wp\/v2\/posts\/6353\/revisions\/6355"}],"wp:featuredmedia":[{"embeddable":true,"href":"https:\/\/conurbanodiario.com.ar\/index.php?rest_route=\/wp\/v2\/media\/59656"}],"wp:attachment":[{"href":"https:\/\/conurbanodiario.com.ar\/index.php?rest_route=%2Fwp%2Fv2%2Fmedia&parent=6353"}],"wp:term":[{"taxonomy":"category","embeddable":true,"href":"https:\/\/conurbanodiario.com.ar\/index.php?rest_route=%2Fwp%2Fv2%2Fcategories&post=6353"},{"taxonomy":"post_tag","embeddable":true,"href":"https:\/\/conurbanodiario.com.ar\/index.php?rest_route=%2Fwp%2Fv2%2Ftags&post=6353"}],"curies":[{"name":"wp","href":"https:\/\/api.w.org\/{rel}","templated":true}]}}