{"id":6350,"date":"2020-07-20T03:08:00","date_gmt":"2020-07-20T06:08:00","guid":{"rendered":"http:\/\/conurbanodiario.com.ar\/?p=6350"},"modified":"2020-07-19T03:44:19","modified_gmt":"2020-07-19T06:44:19","slug":"el-senado-debate-sobre-donacion-de-plasma-receta-medica-electronica-y-privacidad-de-conversaciones","status":"publish","type":"post","link":"https:\/\/conurbanodiario.com.ar\/?p=6350","title":{"rendered":"EL SENADO DEBATE SOBRE DONACI\u00d3N DE PLASMA, RECETA M\u00c9DICA ELECTR\u00d3NICA Y PRIVACIDAD DE CONVERSACIONES"},"content":{"rendered":"\n<p>El Senado volver\u00e1 a sesionar esta semana con una agenda en la que se incluyeron varios proyectos de Ley con respaldo un\u00e1nime como la donaci\u00f3n voluntaria de plasma, la receta m\u00e9dica electr\u00f3nica, el aumento de las multas para la violaci\u00f3n de conversaciones privadas y la demarcaci\u00f3n del l\u00edmite exterior de la plataforma continental argentina.<\/p>\n\n\n\n<p><strong>El objetivo es que la C\u00e1mara alta vuelva a sesionar esta semana y la pr\u00f3xima, tal como anunci\u00f3 el jefe de la bancada del Frente de Todos (FdT), Jos\u00e9 Mayans.<\/strong><\/p>\n\n\n\n<p>De todos modos, el temario definitivo ser\u00e1 resuelto este lunes cuando se conozca la convocatoria formal.<\/p>\n\n\n\n<p><strong>La \u00faltima vez que el Senado celebr\u00f3 una sesi\u00f3n fue el 24 de junio, cuando se debati\u00f3 la creaci\u00f3n de la Bicameral de investigaci\u00f3n de las deudas que la cerealera Vicentin mantiene con el Banco de la Naci\u00f3n Argentina.<\/strong><\/p>\n\n\n\n<p>En aquel plenario se registr\u00f3 una dura disputa entre oficialismo y oposici\u00f3n por el resultado de la votaci\u00f3n, que fue ganada por simple mayor\u00eda por el FdT cuando Juntos por el Cambio (JxC) afirmaba que se necesitaban dos tercios de los votos para sancionar la creaci\u00f3n de una Comisi\u00f3n parlamentaria.<\/p>\n\n\n\n<p>Los posibles proyectos a tratar<br>Los proyectos de Ley que, en principio, ser\u00edan puestos a consideraci\u00f3n por los legisladores tienen el aval un\u00e1nime de todos los bloques, por lo que no deber\u00eda reiterarse la fuerte disputa de la \u00faltima vez.<\/p>\n\n\n\n<p>El proyecto de ley que promueve la&nbsp;<strong>donaci\u00f3n de plasma sangu\u00edneo&nbsp;<\/strong>de pacientes recuperados de coronavirus fue el resultado del aporte hecho por las principales bancadas de la C\u00e1mara de Diputados, por lo que fue aprobado por unanimidad.<\/p>\n\n\n\n<p>La iniciativa establece adem\u00e1s \u00abuna licencia especial para los y las donantes bajo relaci\u00f3n de dependencia de dos d\u00edas por cada donaci\u00f3n de plasma que realicen\u00bb.<\/p>\n\n\n\n<p>En el mismo sentido, se los reconoce como \u00abciudadanos\/as solidarios\/as destacados\/as de la Rep\u00fablica Argentina\u00bb.<\/p>\n\n\n\n<p>El proyecto tambi\u00e9n procura garantizar el traslado de aquellos pacientes recuperados de Covid-19, aptos para ser donantes de plasma y que no tengan los medios para realizarlo.<\/p>\n\n\n\n<p>Los senadores tambi\u00e9n debatir\u00e1n sobre un proyecto que permite en&nbsp;<strong>formulario electr\u00f3nico la prescripci\u00f3n m\u00e9dica, odontol\u00f3gica o de otros profesionales de las recetas o estudios m\u00e9dicos&nbsp;<\/strong>a todos los profesionales sanitarios legalmente facultados a prescribir, en los respectivos \u00e1mbitos de asistencia sanitaria y atenci\u00f3n farmac\u00e9utica p\u00fablica y privada.<\/p>\n\n\n\n<p>En ese sentido, el proyecto fija que \u00ablos medicamentos prescriptos en receta en formato electr\u00f3nico o digital deber\u00e1n ser dispensados en cualquier farmacia del territorio nacional, servicios de farmacia de establecimientos de salud y establecimientos del sector salud habilitados para tal fin, acorde a las disposiciones vigentes\u00bb.<\/p>\n\n\n\n<p>Asimismo, determina que los responsables de la fiscalizaci\u00f3n de los sistemas de receta electr\u00f3nica y plataformas de teleasistencia deben \u00abgarantizar la custodia de las bases de datos de asistencia profesional virtual (historias cl\u00ednicas digitales), prescripci\u00f3n, dispensaci\u00f3n y archivo\u00bb.<\/p>\n\n\n\n<p>El Senado tambi\u00e9n debatir\u00e1 un proyecto que pretende aumentar las&nbsp;<strong>multas por la difusi\u00f3n de conversaciones<\/strong>&nbsp;privadas y que agrava las penas cuando se trata de documentos de \u00edndole sexual.<\/p>\n\n\n\n<p>La iniciativa aumenta la pena de multa para quien revele charlas privadas de los actuales 1.500 pesos a hasta 10.000 y a 100.000 para quien \u00abtenga una correspondencia, una comunicaci\u00f3n electr\u00f3nica, un pliego cerrado, un despacho telegr\u00e1fico, telef\u00f3nico o de otra naturaleza, no destinados a la publicidad y los hiciera publicar o facilitare su publicaci\u00f3n si el hecho causare o pudiere causar perjuicios a terceros\u00bb.<\/p>\n\n\n\n<p>Tambi\u00e9n propone una pena de \u00abprisi\u00f3n de tres meses a tres a\u00f1os y el doble de la pena de multa al que por cualquier medio y sin expresa autorizaci\u00f3n difundiera o pusiera al alcance de terceros documentos obtenidos en un \u00e1mbito de privacidad con contenido de desnudez, naturaleza sexual o representaciones sexuales expl\u00edcitas, incluso mediando consentimiento de la v\u00edctima\u00bb.<\/p>\n\n\n\n<p>Finalmente, se reprimir\u00e1 con \u00abprisi\u00f3n o reclusi\u00f3n de tres a ocho a\u00f1os, al que por amenazas de imputaciones contra el honor\u00bb difunda documentos con contenido obtenido como \u00abconsecuencia de una relaci\u00f3n \u00edntima o de violaci\u00f3n de secretos\u00bb.<\/p>\n\n\n\n<p>Por \u00faltimo, los legisladores le dar\u00e1n su apoyo a dos proyectos de Ley enviados por el Poder Ejecutivo y que est\u00e1n vinculados con&nbsp;<strong>el reclamo argentino de soberan\u00eda sobre el Atl\u00e1ntico Sur.<\/strong><\/p>\n\n\n\n<p>El primero de los expedientes crea el Consejo Nacional de Asuntos Relativos a las Islas Malvinas, Georgias del Sur, Sandwich del Sur y los espacios mar\u00edtimos circundantes. El segundo incorpora una nueva demarcaci\u00f3n del l\u00edmite exterior de la plataforma continental de la Rep\u00fablica Argentina.<\/p>\n","protected":false},"excerpt":{"rendered":"<p>El Senado volver\u00e1 a sesionar esta semana con una agenda en la que se incluyeron&#8230;<\/p>\n","protected":false},"author":1,"featured_media":59656,"comment_status":"open","ping_status":"open","sticky":false,"template":"","format":"standard","meta":{"footnotes":""},"categories":[5],"tags":[],"class_list":["post-6350","post","type-post","status-publish","format-standard","has-post-thumbnail","hentry","category-el-pais"],"_links":{"self":[{"href":"https:\/\/conurbanodiario.com.ar\/index.php?rest_route=\/wp\/v2\/posts\/6350","targetHints":{"allow":["GET"]}}],"collection":[{"href":"https:\/\/conurbanodiario.com.ar\/index.php?rest_route=\/wp\/v2\/posts"}],"about":[{"href":"https:\/\/conurbanodiario.com.ar\/index.php?rest_route=\/wp\/v2\/types\/post"}],"author":[{"embeddable":true,"href":"https:\/\/conurbanodiario.com.ar\/index.php?rest_route=\/wp\/v2\/users\/1"}],"replies":[{"embeddable":true,"href":"https:\/\/conurbanodiario.com.ar\/index.php?rest_route=%2Fwp%2Fv2%2Fcomments&post=6350"}],"version-history":[{"count":1,"href":"https:\/\/conurbanodiario.com.ar\/index.php?rest_route=\/wp\/v2\/posts\/6350\/revisions"}],"predecessor-version":[{"id":6352,"href":"https:\/\/conurbanodiario.com.ar\/index.php?rest_route=\/wp\/v2\/posts\/6350\/revisions\/6352"}],"wp:featuredmedia":[{"embeddable":true,"href":"https:\/\/conurbanodiario.com.ar\/index.php?rest_route=\/wp\/v2\/media\/59656"}],"wp:attachment":[{"href":"https:\/\/conurbanodiario.com.ar\/index.php?rest_route=%2Fwp%2Fv2%2Fmedia&parent=6350"}],"wp:term":[{"taxonomy":"category","embeddable":true,"href":"https:\/\/conurbanodiario.com.ar\/index.php?rest_route=%2Fwp%2Fv2%2Fcategories&post=6350"},{"taxonomy":"post_tag","embeddable":true,"href":"https:\/\/conurbanodiario.com.ar\/index.php?rest_route=%2Fwp%2Fv2%2Ftags&post=6350"}],"curies":[{"name":"wp","href":"https:\/\/api.w.org\/{rel}","templated":true}]}}