{"id":6347,"date":"2020-07-20T03:06:00","date_gmt":"2020-07-20T06:06:00","guid":{"rendered":"http:\/\/conurbanodiario.com.ar\/?p=6347"},"modified":"2020-07-19T03:36:37","modified_gmt":"2020-07-19T06:36:37","slug":"burlando-la-patada-brutal-no-determino-la-muerte-de-fernando-son-todos-responsables","status":"publish","type":"post","link":"https:\/\/conurbanodiario.com.ar\/?p=6347","title":{"rendered":"BURLANDO: \u00abLA PATADA BRUTAL NO DETERMIN\u00d3 LA MUERTE DE FERNANDO, SON TODOS RESPONSABLES\u00bb"},"content":{"rendered":"\n<p>El abogado Fernando Burlando, quien representa a los padres de Fernando B\u00e1ez Sosa en la causa por su homicidio, ocurrido hace seis meses en Villa Gesell, opin\u00f3 que la patada en el rostro que una pericia determin\u00f3 fue aplicada por el imputado Maximiliano Thomsen no implica la autor\u00eda de una sola persona, sino que se trat\u00f3 de un \u00abataque en manada\u00bb en el que \u00abson responsables todos\u00bb.<\/p>\n\n\n\n<p>\u00abHay que aclarar que el peritaje es importante, pero no lo m\u00e1s importante. No tenemos que confundir este resultado con el ataque en manada que sufri\u00f3 Fernando\u00bb, dijo Burlando a T\u00e9lam.<\/p>\n\n\n\n<p>\u00abEstas pericias nos aclaran cu\u00e1l ha sido la participaci\u00f3n de alguno de los imputados en un hecho que son responsables todos, incluso los liberados\u00bb, agreg\u00f3 el letrado.<\/p>\n\n\n\n<p>Burlando consider\u00f3 que \u00abesta patada brutal no es el que determin\u00f3 la muerte de Fernando\u00bb sino que ese fue el resultado \u00abdel aporte de todos, los golpes cobardes de distintos flancos y la agresi\u00f3n a toda su humanidad\u00bb.<\/p>\n\n\n\n<p>\u00abQue estos aportes importantes, no empa\u00f1en la verdadera responsabilidad de estos chacales\u00bb, concluy\u00f3.<\/p>\n","protected":false},"excerpt":{"rendered":"<p>El abogado Fernando Burlando, quien representa a los padres de Fernando B\u00e1ez Sosa en la&#8230;<\/p>\n","protected":false},"author":1,"featured_media":59656,"comment_status":"open","ping_status":"open","sticky":false,"template":"","format":"standard","meta":{"footnotes":""},"categories":[29],"tags":[],"class_list":["post-6347","post","type-post","status-publish","format-standard","has-post-thumbnail","hentry","category-judiciales"],"_links":{"self":[{"href":"https:\/\/conurbanodiario.com.ar\/index.php?rest_route=\/wp\/v2\/posts\/6347","targetHints":{"allow":["GET"]}}],"collection":[{"href":"https:\/\/conurbanodiario.com.ar\/index.php?rest_route=\/wp\/v2\/posts"}],"about":[{"href":"https:\/\/conurbanodiario.com.ar\/index.php?rest_route=\/wp\/v2\/types\/post"}],"author":[{"embeddable":true,"href":"https:\/\/conurbanodiario.com.ar\/index.php?rest_route=\/wp\/v2\/users\/1"}],"replies":[{"embeddable":true,"href":"https:\/\/conurbanodiario.com.ar\/index.php?rest_route=%2Fwp%2Fv2%2Fcomments&post=6347"}],"version-history":[{"count":1,"href":"https:\/\/conurbanodiario.com.ar\/index.php?rest_route=\/wp\/v2\/posts\/6347\/revisions"}],"predecessor-version":[{"id":6349,"href":"https:\/\/conurbanodiario.com.ar\/index.php?rest_route=\/wp\/v2\/posts\/6347\/revisions\/6349"}],"wp:featuredmedia":[{"embeddable":true,"href":"https:\/\/conurbanodiario.com.ar\/index.php?rest_route=\/wp\/v2\/media\/59656"}],"wp:attachment":[{"href":"https:\/\/conurbanodiario.com.ar\/index.php?rest_route=%2Fwp%2Fv2%2Fmedia&parent=6347"}],"wp:term":[{"taxonomy":"category","embeddable":true,"href":"https:\/\/conurbanodiario.com.ar\/index.php?rest_route=%2Fwp%2Fv2%2Fcategories&post=6347"},{"taxonomy":"post_tag","embeddable":true,"href":"https:\/\/conurbanodiario.com.ar\/index.php?rest_route=%2Fwp%2Fv2%2Ftags&post=6347"}],"curies":[{"name":"wp","href":"https:\/\/api.w.org\/{rel}","templated":true}]}}