{"id":6344,"date":"2020-07-20T03:00:00","date_gmt":"2020-07-20T06:00:00","guid":{"rendered":"http:\/\/conurbanodiario.com.ar\/?p=6344"},"modified":"2020-08-12T22:05:57","modified_gmt":"2020-08-13T01:05:57","slug":"dos-mujeres-cobraron-el-ife-y-montaron-una-verduleria-en-berazategui","status":"publish","type":"post","link":"https:\/\/conurbanodiario.com.ar\/?p=6344","title":{"rendered":"DOS MUJERES COBRARON EL IFE Y MONTARON UNA VERDULER\u00cdA EN BERAZATEGUI"},"content":{"rendered":"\n<p>Dos mujeres, cu\u00f1adas entre s\u00ed, invirtieron el dinero que cobraron por el Ingreso Familiar de Emergencia (IFE) para montar una verduler\u00eda en la localidad de Guti\u00e9rrez, en Berazategui, un emprendimiento con el que buscan multiplicar ese dinero y reinventarse en medio de la pandemia de coronavirus.<\/p>\n\n\n\n<p>Se trata de Fabiana J\u00e1uregui y su cu\u00f1ada Mariela Fern\u00e1ndez, quienes&nbsp;<strong>instalaron una verduler\u00eda en la puerta de la casa<\/strong>&nbsp;de esta \u00faltima, en 457 esquina 409, de Guti\u00e9rrez.<\/p>\n\n\n\n<p>\u00abMariela vend\u00eda rosquitas y medialunas que cocinaba ella pero al empezar la pandemia con las restricciones para circular bajaron las ventas y un d\u00eda viene a mi casa y me dice: `si cobro el IFE voy a poner una verduler\u00eda'\u00bb, cont\u00f3 Fabiana.<\/p>\n\n\n\n<p>En el barrio de Fern\u00e1ndez la \u00fanica verduler\u00eda que funcionaba cerr\u00f3 al empezar la cuarentena, por lo que Mariela pens\u00f3 que ser\u00eda un buen negocio invertir el IFE en ese emprendimiento.<\/p>\n\n\n\n<p>\u00abSi yo tambi\u00e9n cobro el IFE colaboro con la verduler\u00eda\u00bb, le respondi\u00f3 entusiasta Fabiana a su cu\u00f1ada en esa oportunidad.<\/p>\n\n\n\n<p><strong>Mariela vive con su hijo en la casa de su madre; Fabiana, su cu\u00f1ada, tiene dos hijos y un esposo que se dedicaba a la construcci\u00f3n y vio paralizada su actividad debido a las restricciones para contener los contagios de coronavirus.<\/strong><\/p>\n\n\n\n<p>Una vez que recibieron la ayuda dispuesta por el Gobierno nacional no perdieron el tiempo y al d\u00eda siguiente se levantaron a la 1 de la ma\u00f1ana para ir al Mercado de Berazategui a comprar los cajones de frutas y verduras para empezar.<\/p>\n\n\n\n<p>\u00abNo sab\u00edamos nada de comprar en el mercado, fuimos aprendiendo. En esa primera compra trajimos lo que consider\u00e1bamos era esencial: papas, cebolla, mandarina, verdura de hoja\u00bb, relat\u00f3 Fabiana, que a\u00fan se r\u00ede al recordar c\u00f3mo lidian para cargar las bolsas de papa en el autom\u00f3vil Peugeot modelo 87 que hered\u00f3 Mariela de su padre.<\/p>\n\n\n\n<p>La mujer cont\u00f3 que&nbsp;<strong>al mercado van con gorros, barbijo, m\u00e1scara de protecci\u00f3n y guantes&nbsp;<\/strong>y \u00abla fe en que Dios nos guarda, de hecho hace unas semanas el mercado cerr\u00f3 por varios casos de coronavirus y no nos contagiamos a pesar de haber estado en contacto con esa gente\u00bb.<\/p>\n\n\n\n<p>La verduler\u00eda funciona desde las 8 hasta las 13.30, luego hacen un espacio para almorzar y descansar y reabren a las 17 para seguir trabajando hasta las 20.<\/p>\n\n\n\n<p>Por la noche, el carrito queda estacionado en la calle, pero ambas se encargan de guardar en la casa de Mariela todos los cajones de frutas y verduras, las garrafas y bolsas de carb\u00f3n.<\/p>\n\n\n\n<p>\u00abNo dejamos que la pandemia nos paralice o deprima. Si bien pasamos por distintas etapas emocionales sab\u00edamos que el trabajo dignifica y buscamos la forma de reinventarnos, de producir\u00bb, dijo entusiasta.<\/p>\n\n\n\n<p><strong>Fabiana dice tener \u00abplena confianza\u00bb en que esta pandemia \u00abva a pasar y el pa\u00eds se va a levantar trabajando\u00bb.<\/strong><\/p>\n","protected":false},"excerpt":{"rendered":"<p>Dos mujeres, cu\u00f1adas entre s\u00ed, invirtieron el dinero que cobraron por el Ingreso Familiar de&#8230;<\/p>\n","protected":false},"author":1,"featured_media":59656,"comment_status":"open","ping_status":"open","sticky":false,"template":"","format":"standard","meta":{"footnotes":""},"categories":[3],"tags":[],"class_list":["post-6344","post","type-post","status-publish","format-standard","has-post-thumbnail","hentry","category-informacion-general"],"_links":{"self":[{"href":"https:\/\/conurbanodiario.com.ar\/index.php?rest_route=\/wp\/v2\/posts\/6344","targetHints":{"allow":["GET"]}}],"collection":[{"href":"https:\/\/conurbanodiario.com.ar\/index.php?rest_route=\/wp\/v2\/posts"}],"about":[{"href":"https:\/\/conurbanodiario.com.ar\/index.php?rest_route=\/wp\/v2\/types\/post"}],"author":[{"embeddable":true,"href":"https:\/\/conurbanodiario.com.ar\/index.php?rest_route=\/wp\/v2\/users\/1"}],"replies":[{"embeddable":true,"href":"https:\/\/conurbanodiario.com.ar\/index.php?rest_route=%2Fwp%2Fv2%2Fcomments&post=6344"}],"version-history":[{"count":1,"href":"https:\/\/conurbanodiario.com.ar\/index.php?rest_route=\/wp\/v2\/posts\/6344\/revisions"}],"predecessor-version":[{"id":6346,"href":"https:\/\/conurbanodiario.com.ar\/index.php?rest_route=\/wp\/v2\/posts\/6344\/revisions\/6346"}],"wp:featuredmedia":[{"embeddable":true,"href":"https:\/\/conurbanodiario.com.ar\/index.php?rest_route=\/wp\/v2\/media\/59656"}],"wp:attachment":[{"href":"https:\/\/conurbanodiario.com.ar\/index.php?rest_route=%2Fwp%2Fv2%2Fmedia&parent=6344"}],"wp:term":[{"taxonomy":"category","embeddable":true,"href":"https:\/\/conurbanodiario.com.ar\/index.php?rest_route=%2Fwp%2Fv2%2Fcategories&post=6344"},{"taxonomy":"post_tag","embeddable":true,"href":"https:\/\/conurbanodiario.com.ar\/index.php?rest_route=%2Fwp%2Fv2%2Ftags&post=6344"}],"curies":[{"name":"wp","href":"https:\/\/api.w.org\/{rel}","templated":true}]}}